{"id":83452,"date":"2016-11-26T17:37:12","date_gmt":"2016-11-26T16:37:12","guid":{"rendered":"https:\/\/vorschau.kunstverein-bad-salzdetfurth.de\/inhalt\/?p=83452"},"modified":"2019-08-27T17:44:13","modified_gmt":"2019-08-27T16:44:13","slug":"amazing-blues-orchestra","status":"publish","type":"post","link":"https:\/\/www.kunstverein-bad-salzdetfurth.de\/inhalt\/2016\/11\/26\/amazing-blues-orchestra\/","title":{"rendered":"\u201eAmazing Blues Orchestra\u201c"},"content":{"rendered":"<div class=\"wpb-content-wrapper\"><p>[vc_row][vc_column width=&#8220;1\/2&#8243;][vc_single_image media=&#8220;83453&#8243; caption=&#8220;yes&#8220; media_lightbox=&#8220;yes&#8220; media_width_percent=&#8220;100&#8243;][\/vc_column][vc_column width=&#8220;1\/2&#8243;][vc_custom_heading heading_semantic=&#8220;h3&#8243; text_size=&#8220;h3&#8243;]Blueskonzert im Bullenstall[\/vc_custom_heading][vc_column_text]<strong>am 26.11.16, 20.00 Uhr<\/strong><\/p>\n<p>Einlass 19 Uhr, im Kunstgeb\u00e4ude Schlosshof Bodenburg Br\u00fcder<br \/>\nBr\u00fcder<br \/>\nSeit 30 Jahren spielen nun Bernie Ringe und Kuddel Renner, zun\u00e4chst als Duo, dann als \u201e elektrische\u201c Bluesband und nun als das \u201e Amazing Blues Orchestra\u201c zusammen, und dies nun zum 10. mal auch im Bodenburger Bullenstall.<br \/>\nDabei seit \u00fcber 15 Jahren Alex Mause , Gesang und am Schlagzeug , und die drei jungen und ebenso genialen<br \/>\nBluesmucker Stefan Roffmann \u201eRoffi\u201c am E und A Bass<br \/>\n( seit 7 Jahren) , dann Lukas \u201eLucky\u201c Bente Gesang, Piano<br \/>\nund Hammondorgel ( seit 5 Jahren) und als j\u00fcngster im Bluesbunde Sebastian \u201eBasti\u201c Dressler an der Leadgitarre!<\/p>\n<p>Die HAZ vom 07.08.16 schrieb zum f\u00fcnfzigsten Cyclus 66 Jubil\u00e4umkonzert: Kuddel Renner and His Amazing Blues Orchestra er\u00f6ffnen die Sause, sie sind Klassiker der Szene, die sich in den vergangenen Jahrzehnten immer wieder neu erfunden und verj\u00fcngt haben. \u201eSie waren die erste Band, die ich jemals in einem Livekonzert gesehen habe\u201c, gesteht Cyclus-Vorstand Waldemar Lorenz bei seiner Ansage auf der B\u00fchne. \u201eDa war ich 15.\u201c Und was ihn damals so fasziniert hat, das zieht auch noch immer: feinster, eing\u00e4ngiger Blues, der live nicht nur von der musikalischen Exzellenz, sondern auch von der Selbstironie der Herren profitiert.<\/p>\n<p>Wir freuen uns auf einen ebensolchen Abend am 26.11.16 ab 20 Uhr im Bullenstall in Bodenburg.<\/p>\n<p><a href=\"http:\/\/www.kuddel-renner-blues-band.de\">www.kuddel-renner-blues-band.de<\/a>[\/vc_column_text][\/vc_column][\/vc_row]<\/p>\n<\/div>","protected":false},"excerpt":{"rendered":"<p>Blueskonzert im Bullenstall<\/p>\n<p>am 26.11.16, 20.00 Uhr<\/p>\n","protected":false},"author":3,"featured_media":83453,"comment_status":"closed","ping_status":"closed","sticky":false,"template":"","format":"standard","meta":{"footnotes":""},"categories":[185],"tags":[],"class_list":["post-83452","post","type-post","status-publish","format-standard","has-post-thumbnail","hentry","category-veranstaltung"],"_links":{"self":[{"href":"https:\/\/www.kunstverein-bad-salzdetfurth.de\/inhalt\/wp-json\/wp\/v2\/posts\/83452"}],"collection":[{"href":"https:\/\/www.kunstverein-bad-salzdetfurth.de\/inhalt\/wp-json\/wp\/v2\/posts"}],"about":[{"href":"https:\/\/www.kunstverein-bad-salzdetfurth.de\/inhalt\/wp-json\/wp\/v2\/types\/post"}],"author":[{"embeddable":true,"href":"https:\/\/www.kunstverein-bad-salzdetfurth.de\/inhalt\/wp-json\/wp\/v2\/users\/3"}],"replies":[{"embeddable":true,"href":"https:\/\/www.kunstverein-bad-salzdetfurth.de\/inhalt\/wp-json\/wp\/v2\/comments?post=83452"}],"version-history":[{"count":1,"href":"https:\/\/www.kunstverein-bad-salzdetfurth.de\/inhalt\/wp-json\/wp\/v2\/posts\/83452\/revisions"}],"predecessor-version":[{"id":83457,"href":"https:\/\/www.kunstverein-bad-salzdetfurth.de\/inhalt\/wp-json\/wp\/v2\/posts\/83452\/revisions\/83457"}],"wp:featuredmedia":[{"embeddable":true,"href":"https:\/\/www.kunstverein-bad-salzdetfurth.de\/inhalt\/wp-json\/wp\/v2\/media\/83453"}],"wp:attachment":[{"href":"https:\/\/www.kunstverein-bad-salzdetfurth.de\/inhalt\/wp-json\/wp\/v2\/media?parent=83452"}],"wp:term":[{"taxonomy":"category","embeddable":true,"href":"https:\/\/www.kunstverein-bad-salzdetfurth.de\/inhalt\/wp-json\/wp\/v2\/categories?post=83452"},{"taxonomy":"post_tag","embeddable":true,"href":"https:\/\/www.kunstverein-bad-salzdetfurth.de\/inhalt\/wp-json\/wp\/v2\/tags?post=83452"}],"curies":[{"name":"wp","href":"https:\/\/api.w.org\/{rel}","templated":true}]}}