{"id":83409,"date":"2013-05-11T17:05:16","date_gmt":"2013-05-11T16:05:16","guid":{"rendered":"https:\/\/vorschau.kunstverein-bad-salzdetfurth.de\/inhalt\/?p=83409"},"modified":"2019-08-27T17:07:12","modified_gmt":"2019-08-27T16:07:12","slug":"das-sonnenbuch","status":"publish","type":"post","link":"https:\/\/www.kunstverein-bad-salzdetfurth.de\/inhalt\/2013\/05\/11\/das-sonnenbuch\/","title":{"rendered":"\u00bbDas Sonnenbuch\u00ab"},"content":{"rendered":"<div class=\"wpb-content-wrapper\"><p>[vc_row][vc_column width=&#8220;1\/2&#8243;][vc_single_image media=&#8220;83410&#8243; media_width_percent=&#8220;100&#8243;][\/vc_column][vc_column width=&#8220;1\/2&#8243;][vc_custom_heading heading_semantic=&#8220;h3&#8243; text_size=&#8220;h3&#8243;]Robert Jungk zum 100. Geburtstag[\/vc_custom_heading][vc_column_text]<strong>\u00bbDas Sonnenbuch\u00ab<\/strong><\/p>\n<p><strong>Eine Lesung am 11. Mai 2013 um 20.00 Uhr im Kunstgeb\u00e4ude<\/strong><\/p>\n<p><strong>mit einer Einf\u00fchrung von Hans Werner Kalkmann<\/strong><\/p>\n<p><strong>\u201eZukunft, das sind wir alle\u201c lautete das Credo des Salzburger \u201eAlternativ-Nobelpreistr\u00e4gers\u201c Robert Jungk, der sich zeit seines Lebens f\u00fcr den Frieden, eine intakte Umwelt und f\u00fcr eine menschenfreundliche Technik eingesetzt hat.<\/strong><\/p>\n<p>Vom Atomzeitalter ins Solarzeitalter<br \/>\nAm 26. April 1986 explodierte in der sowjetischen Atomanlage von Tschernobyl ein Reaktor. Zigtausende Menschen in der Umgebung sowie Arbeiter, die an der Einhegung der Kernschmelze arbeiteten, starben an den Folgen der radioaktiven Verseuchung. Die Strahlenwolke breitete sich bis nach Mitteleuropa aus \u2013 mit ihr auch die Anti-Atom-Bewegung.<\/p>\n<p>Die Kernschmelze im japanischen Atomkraftwerk Fukushima am 11. M\u00e4rz 2011 im Gefolge eines gro\u00dfen Erdbebens brachte der Welt\u00f6ffentlichkeit schlagartig wieder die Risiken der Atomtechnologie in Erinnerung.<\/p>\n<p>Die Lehren daraus: Atomkraftwerke bleiben tickende Zeitbomben. Doch auch die Endlagerung des strahlenden Atomm\u00fclls ist bislang v\u00f6llig ungekl\u00e4rt. Ein dauerhafter Umstieg auf erneuerbare Energietr\u00e4ger ist m\u00f6glich und auch der einzig sichere Weg f\u00fcr die Energieversorgung der Zukunft.<\/p>\n<p>Walter Spielmann, der Leiter der Robert Jungk Bibliothek in Salzburg, machte einen spektakul\u00e4ren Fund im Nachlass des Zukunftsforschers: eine unscheinbare Mappe offenbart ein vision\u00e4res Fragment, das Anfang der 80er-Jahre entstanden war; ungeordnete, skizzenhafte Bl\u00e4tter, ein Konvolut aus Entw\u00fcrfen und Notizen. Er hat diese zu einem sinnhaften Ganzen rekonstruiert. Zum 100 Geburtstag von Robert Jungk erscheint nun posthum das \u00bbSonnenbuch\u00ab.<\/p>\n<p>Der Kunstverein Bad Salzdetfurth veranstaltet zur Erinnerung an den \u201eLichtsammler\u201c Jungk eine Lesung daraus. Anschlie\u00dfend findet eine Diskussion \u00fcber die Vision eines \u201eSonnenzeitalters\u201c und den Mut zur Zukunft statt.[\/vc_column_text][\/vc_column][\/vc_row]<\/p>\n<\/div>","protected":false},"excerpt":{"rendered":"<p>eine Lesung mit Diskussion anl\u00e4sslich des 100. Geburtstages<\/p>\n<p>11.05. 2013 &#8211; 20.00 Uhr<\/p>\n","protected":false},"author":3,"featured_media":83410,"comment_status":"closed","ping_status":"closed","sticky":false,"template":"","format":"standard","meta":{"footnotes":""},"categories":[185,307],"tags":[],"class_list":["post-83409","post","type-post","status-publish","format-standard","has-post-thumbnail","hentry","category-veranstaltung","category-robert-jungk"],"_links":{"self":[{"href":"https:\/\/www.kunstverein-bad-salzdetfurth.de\/inhalt\/wp-json\/wp\/v2\/posts\/83409"}],"collection":[{"href":"https:\/\/www.kunstverein-bad-salzdetfurth.de\/inhalt\/wp-json\/wp\/v2\/posts"}],"about":[{"href":"https:\/\/www.kunstverein-bad-salzdetfurth.de\/inhalt\/wp-json\/wp\/v2\/types\/post"}],"author":[{"embeddable":true,"href":"https:\/\/www.kunstverein-bad-salzdetfurth.de\/inhalt\/wp-json\/wp\/v2\/users\/3"}],"replies":[{"embeddable":true,"href":"https:\/\/www.kunstverein-bad-salzdetfurth.de\/inhalt\/wp-json\/wp\/v2\/comments?post=83409"}],"version-history":[{"count":1,"href":"https:\/\/www.kunstverein-bad-salzdetfurth.de\/inhalt\/wp-json\/wp\/v2\/posts\/83409\/revisions"}],"predecessor-version":[{"id":83414,"href":"https:\/\/www.kunstverein-bad-salzdetfurth.de\/inhalt\/wp-json\/wp\/v2\/posts\/83409\/revisions\/83414"}],"wp:featuredmedia":[{"embeddable":true,"href":"https:\/\/www.kunstverein-bad-salzdetfurth.de\/inhalt\/wp-json\/wp\/v2\/media\/83410"}],"wp:attachment":[{"href":"https:\/\/www.kunstverein-bad-salzdetfurth.de\/inhalt\/wp-json\/wp\/v2\/media?parent=83409"}],"wp:term":[{"taxonomy":"category","embeddable":true,"href":"https:\/\/www.kunstverein-bad-salzdetfurth.de\/inhalt\/wp-json\/wp\/v2\/categories?post=83409"},{"taxonomy":"post_tag","embeddable":true,"href":"https:\/\/www.kunstverein-bad-salzdetfurth.de\/inhalt\/wp-json\/wp\/v2\/tags?post=83409"}],"curies":[{"name":"wp","href":"https:\/\/api.w.org\/{rel}","templated":true}]}}