{"id":83294,"date":"2008-01-26T17:36:16","date_gmt":"2008-01-26T16:36:16","guid":{"rendered":"https:\/\/vorschau.kunstverein-bad-salzdetfurth.de\/inhalt\/?p=83294"},"modified":"2019-08-26T17:41:36","modified_gmt":"2019-08-26T16:41:36","slug":"faux-pas-3","status":"publish","type":"post","link":"https:\/\/www.kunstverein-bad-salzdetfurth.de\/inhalt\/2008\/01\/26\/faux-pas-3\/","title":{"rendered":"faux pas"},"content":{"rendered":"<div class=\"wpb-content-wrapper\"><p>[vc_row][vc_column width=&#8220;1\/4&#8243;][vc_single_image media=&#8220;82566&#8243; media_width_percent=&#8220;100&#8243; media_link=&#8220;url:https%3A%2F%2Fwww.fauxpas-tango.de||target:%20_blank|&#8220;][vc_column_text]<a href=\"https:\/\/www.fauxpas-tango.de\" target=\"_blank\" rel=\"noopener noreferrer\">www.fauxpas-tango.de<\/a>[\/vc_column_text][vc_gallery el_id=&#8220;gallery-710405&#8243; isotope_mode=&#8220;vertical&#8220; medias=&#8220;83301,83305,83306,83303,83309,83304,83310&#8243; gutter_size=&#8220;5&#8243; media_items=&#8220;media|lightbox|original,caption&#8220; screen_lg=&#8220;1000&#8243; screen_md=&#8220;600&#8243; screen_sm=&#8220;480&#8243; single_text=&#8220;under&#8220; single_width=&#8220;6&#8243; single_overlay_opacity=&#8220;1&#8243; single_padding=&#8220;2&#8243; lbox_caption=&#8220;yes&#8220;][\/vc_column][vc_column width=&#8220;1\/2&#8243;][vc_column_text]<strong>Sonntag, 01.01.2008, 18:00<\/strong><br \/>\nKunstgeb\u00e4ude im Schlosshof Bodenburg<\/p>\n<blockquote><p>\u201eFolge meinem Schritt und bleib doch ganz bei dir. Spiel jeden Ton so wie du gerade bist: Hast du Angst, dann spiel diese Angst, aber spiel sie zu hundert Prozent \u2013 ohne Vorbehalte. Sei einfach Du und der Tango beginnt&#8230;\u201c<\/p><\/blockquote>\n<p>So hei\u00dft zum wiederholten Male die Einladung desKunstvereins Bad Salzdetfurth zu einem Neujahrsabendvoller Virtuosit\u00e4t, Leidenschaft und Poesie im stimmungsvollen Ambiente unter dem Sattelschwingdach des Bullenstalls. Auf Wunsch der Zuh\u00f6rer besteht die M\u00f6glichkeit, sich auf dem Tanzparkett hemmungslos dem Tango zu \u00fcberlassen.<\/p>\n<p><strong>faux pas<\/strong>, das tangoorchester, wurde von der Schweizer Akkordeonistin und Hochschuldozentin Marl\u00e8ne Clementan der Universit\u00e4t Hildesheim gegr\u00fcndet. Unter ihrer musikalischen Leitung entwickelte sich das Ensemble schnell zum Geheimtipp der regionalen Konzertszene. Beliebt unter Tangokennern und -liebhabern konzertierte faux pas inzwischen wiederholt im Ausland. Die letzten Konzertreisen f\u00fchrten u.a. nach Pavia (Italien), St. Petersburg (Russland), Kairo (\u00c4gypten), Nanjing, Yangzhou, Hefei und Wuhu (China).<\/p>\n<p>Das junge Ensemble versteht es, den Tango in seinen unterschiedlichen Facetten, extremen Emotionen und Widerspr\u00fcchen auszudr\u00fccken und mit Virtuosit\u00e4t und Leidenschaft zu pr\u00e4sentieren. Mit seinem umfangreichen Repertoire interpretiert faux pas einerseits Klassiker des traditionellen Tango Argentino der ersten H\u00e4lfte des 20. Jahrhunderts. Begeistert dabei mit groovenden Tanzrhythmen und bringt oft versteckte Perlen ans Licht. Andererseits bilden die Kompositionen Astor Piazzollas(1921-1992) einen besonderen Schwerpunkt im Programm. Der Bandoneonspieler und Komponist griff Elemente des Jazz und der europ\u00e4ischen Kunstmusik auf und entwickelte den modernen Tango Nuevo, der als konzertanter Tango auf raffinierte Weise lockere Lebendigkeit mit strengem Kontrapunkt, kontrollierte Sch\u00e4rfe mit Poesie verbindet.<\/p>\n<p>Tango handelt von Hoffnung und Verzweiflung, Lebensfreude und Melancholie, Z\u00e4rtlichkeit und rasender Wut bis hin zum Wahnsinn. Eine Musik \u201ewie Liebesschw\u00fcre und Verw\u00fcnschungen, voller Verleugnungen und Idyllen&#8220;, wie der Dichter Pablo Neruda schreibt. Diese Gegens\u00e4tze finden ihren Ausdruck im nuancierten und impulsiven Spiel der Musiker und in dem eindrucksvollen Reichtum an Klangfarben der instrumentalen Besetzung.<\/p>\n<p>Aktuelle Besetzung: Marl\u00e8ne Cl\u00e9ment (Akkordeon\/Bandoneon\/musikalische Leitung), Maren Kallenberg (Klavier\/Arrangement), Katharina Pf\u00e4nder (Violine), Peter L\u00f6hner (Kontrabass), Aron Weigl (Konzertgitarre\/E-Gitarre) und Michael Fanger (Gesang).<\/p>\n<p>Es erklingen Werke von Richard Galliano, Carlos Gardel, Astor Piazzolla, Miguel Clarenzo und Georges Bizet in eigenen Bearbeitungen.<\/p>\n<p>Konzertbeginn ist am 1. Januar um 18:00 Uhr, der Eintrittbetr\u00e4gt 12 Euro\/ erm. 10 Euro.<\/p>\n<p>Kartenvorbestellungensind unter Tel. 05121 \u2013 131 565 willkommen.[\/vc_column_text][\/vc_column][vc_column width=&#8220;1\/4&#8243;][\/vc_column][\/vc_row]<\/p>\n<\/div>","protected":false},"excerpt":{"rendered":"<p>Sonntag, 01.01.2008, 18:00<\/p>\n","protected":false},"author":3,"featured_media":83295,"comment_status":"closed","ping_status":"closed","sticky":false,"template":"","format":"standard","meta":{"footnotes":""},"categories":[185,290],"tags":[],"class_list":["post-83294","post","type-post","status-publish","format-standard","has-post-thumbnail","hentry","category-veranstaltung","category-neujahrskonzert"],"_links":{"self":[{"href":"https:\/\/www.kunstverein-bad-salzdetfurth.de\/inhalt\/wp-json\/wp\/v2\/posts\/83294"}],"collection":[{"href":"https:\/\/www.kunstverein-bad-salzdetfurth.de\/inhalt\/wp-json\/wp\/v2\/posts"}],"about":[{"href":"https:\/\/www.kunstverein-bad-salzdetfurth.de\/inhalt\/wp-json\/wp\/v2\/types\/post"}],"author":[{"embeddable":true,"href":"https:\/\/www.kunstverein-bad-salzdetfurth.de\/inhalt\/wp-json\/wp\/v2\/users\/3"}],"replies":[{"embeddable":true,"href":"https:\/\/www.kunstverein-bad-salzdetfurth.de\/inhalt\/wp-json\/wp\/v2\/comments?post=83294"}],"version-history":[{"count":3,"href":"https:\/\/www.kunstverein-bad-salzdetfurth.de\/inhalt\/wp-json\/wp\/v2\/posts\/83294\/revisions"}],"predecessor-version":[{"id":83312,"href":"https:\/\/www.kunstverein-bad-salzdetfurth.de\/inhalt\/wp-json\/wp\/v2\/posts\/83294\/revisions\/83312"}],"wp:featuredmedia":[{"embeddable":true,"href":"https:\/\/www.kunstverein-bad-salzdetfurth.de\/inhalt\/wp-json\/wp\/v2\/media\/83295"}],"wp:attachment":[{"href":"https:\/\/www.kunstverein-bad-salzdetfurth.de\/inhalt\/wp-json\/wp\/v2\/media?parent=83294"}],"wp:term":[{"taxonomy":"category","embeddable":true,"href":"https:\/\/www.kunstverein-bad-salzdetfurth.de\/inhalt\/wp-json\/wp\/v2\/categories?post=83294"},{"taxonomy":"post_tag","embeddable":true,"href":"https:\/\/www.kunstverein-bad-salzdetfurth.de\/inhalt\/wp-json\/wp\/v2\/tags?post=83294"}],"curies":[{"name":"wp","href":"https:\/\/api.w.org\/{rel}","templated":true}]}}