{"id":83247,"date":"2018-11-20T20:53:47","date_gmt":"2018-11-20T19:53:47","guid":{"rendered":"https:\/\/vorschau.kunstverein-bad-salzdetfurth.de\/inhalt\/?p=83247"},"modified":"2019-08-25T20:57:49","modified_gmt":"2019-08-25T19:57:49","slug":"fluss-park-lamme","status":"publish","type":"post","link":"https:\/\/www.kunstverein-bad-salzdetfurth.de\/inhalt\/2018\/11\/20\/fluss-park-lamme\/","title":{"rendered":"\u201eFLUSS &#8211; PARK &#8211; LAMME\u201c"},"content":{"rendered":"<div class=\"wpb-content-wrapper\"><p>[vc_row][vc_column width=&#8220;1\/2&#8243;][vc_gallery el_id=&#8220;gallery-710405&#8243; isotope_mode=&#8220;vertical&#8220; medias=&#8220;83248&#8243; gutter_size=&#8220;5&#8243; media_items=&#8220;media|lightbox|original,caption&#8220; screen_lg=&#8220;1000&#8243; screen_md=&#8220;600&#8243; screen_sm=&#8220;480&#8243; single_text=&#8220;under&#8220; single_width=&#8220;6&#8243; single_overlay_opacity=&#8220;1&#8243; single_padding=&#8220;2&#8243; lbox_caption=&#8220;yes&#8220;][\/vc_column][vc_column width=&#8220;1\/2&#8243;][vc_custom_heading heading_semantic=&#8220;h3&#8243;]Hans-Oiseau Kalkmann[\/vc_custom_heading][vc_column_text]<strong>Vortrag mit einer PowerPoint-Pr\u00e4sentation des Projektes<\/strong><br \/>\n<strong>20. November 2018 um 19.30 Uhr<\/strong><\/p>\n<p>In seiner diesj\u00e4hrigen Themenausstellung widmet sich der Kunstverein Bad Salzdetfurth dem \u201eKultur- und Naturraum Lammetal\u201c mit einem Schwerpunkt Lamme. Der Titelt der Ausstellung signalisiert bereits, dass das \u201eNaturgegebene\u201c und das \u201eMenschengemachte\u201c Inhalt dieses Projektes sind. Zugegeben, ein breites inhaltliches Spektrum, bei dem so mancher fragen wird, welche Rolle denn die Kunst dabei spielen kann.<\/p>\n<p>2008 habe ich erstmals die Idee des \u201cFLUSS-PARK-LAMME\u201c-Projekts formuliert. 2010 wies ich in dem von mir herausgegebenen Buch mit dem Titel: \u201eDie Lamme &#8211; Biographie eines Flusses\u201c auf dieses Projekt hin und verfasste im gleichen Jahr das detaillierte Konzeptpapier. Dieses Konzept liegt den R\u00e4ten Lamspringes, Bad Salzdetfurths und den Ortsr\u00e4ten der an der Lamme liegenden Orte vor, ebenso dem Landrat des Landkreis Hildesheim und dem Oberb\u00fcrgermeister der Stadt Hildesheim und dem BUND-Vorstand der Kreisgruppe Hildesheim.<\/p>\n<p>Wir laden Sie zur Vorstellung dieses ambitionierten Projekts herzlich in das Kunstgeb\u00e4ude auf dem Schlosshof in Bodenburg mit einer PowerPoint-Pr\u00e4sentation zum dem Vorhaben ein.<\/p>\n<p>Dienstag den 20.11.2018 um 19.30 Uhr<\/p>\n<p>Wir leben in einer wundervollen Landschaft, die Ihre Topographie den modellierenden Kr\u00e4ften der letzten Eiszeit verdankt und die durch menschliches Handeln \u2013 leider nicht immer zu ihrem Vorteil &#8211; ver\u00e4ndert wurde. Die Besiedlung dieses Tales wurde durch zwei wichtige kulturelle Ereignisse eingeleitet: die Gr\u00fcndung des Klosters an der Lammequelle und die Errichtung eines Archidiakonates durch den Bischof von Hildesheim in Detfurth. Das sind zwei Faktoren die die oben angeschnittene Frage nach der Kunst beantworten. Hinzu kam dann das Salzvorkommen als wichtiges Wirtschaftsgut f\u00fcr die Erschie\u00dfung dieses Tales, womit wir bei der heutigen misslichen wirtschaftlichen Situation der Region sind. Hier kann das Projekt \u201eFLUSS-PARK-LAMME\u201c hilfreich sein, f\u00f6rdert es doch einen boomenden Wirtschaftszweig, den Tourismus, denn es \u00f6ffnet den Blick auf ein im \u201eDornr\u00f6schenschlaf\u201c liegendes Flusstal und bietet dem \u201eweichen Tourismus\u201c eine willkommene M\u00f6glichkeit.<\/p>\n<p>Wir freuen uns auf Ihr Kommen und eine rege Diskussion<\/p>\n<p>Hans-Oiseau Kalkmann<br \/>\nVorsitzender<\/p>\n<p>Die Ausstellung wird begleitet vom Wasser der 7 Gew\u00e4sser im Lammetal unter dem Titel: \u201eDie Wasser des Lammetales b\u00e4ndigen &#8211; Glasobjekte von Matthias Hinsenhofen\u201c[\/vc_column_text][\/vc_column][\/vc_row]<\/p>\n<\/div>","protected":false},"excerpt":{"rendered":"<p>Vortrag mit einer PowerPoint-Pr\u00e4sentation des Projektes<br \/>\n20. November 2018 um 19.30 Uhr<\/p>\n","protected":false},"author":3,"featured_media":83248,"comment_status":"closed","ping_status":"closed","sticky":false,"template":"","format":"standard","meta":{"footnotes":""},"categories":[185,251],"tags":[],"class_list":["post-83247","post","type-post","status-publish","format-standard","has-post-thumbnail","hentry","category-veranstaltung","category-hans-oiseau-kalkmann"],"_links":{"self":[{"href":"https:\/\/www.kunstverein-bad-salzdetfurth.de\/inhalt\/wp-json\/wp\/v2\/posts\/83247"}],"collection":[{"href":"https:\/\/www.kunstverein-bad-salzdetfurth.de\/inhalt\/wp-json\/wp\/v2\/posts"}],"about":[{"href":"https:\/\/www.kunstverein-bad-salzdetfurth.de\/inhalt\/wp-json\/wp\/v2\/types\/post"}],"author":[{"embeddable":true,"href":"https:\/\/www.kunstverein-bad-salzdetfurth.de\/inhalt\/wp-json\/wp\/v2\/users\/3"}],"replies":[{"embeddable":true,"href":"https:\/\/www.kunstverein-bad-salzdetfurth.de\/inhalt\/wp-json\/wp\/v2\/comments?post=83247"}],"version-history":[{"count":1,"href":"https:\/\/www.kunstverein-bad-salzdetfurth.de\/inhalt\/wp-json\/wp\/v2\/posts\/83247\/revisions"}],"predecessor-version":[{"id":83251,"href":"https:\/\/www.kunstverein-bad-salzdetfurth.de\/inhalt\/wp-json\/wp\/v2\/posts\/83247\/revisions\/83251"}],"wp:featuredmedia":[{"embeddable":true,"href":"https:\/\/www.kunstverein-bad-salzdetfurth.de\/inhalt\/wp-json\/wp\/v2\/media\/83248"}],"wp:attachment":[{"href":"https:\/\/www.kunstverein-bad-salzdetfurth.de\/inhalt\/wp-json\/wp\/v2\/media?parent=83247"}],"wp:term":[{"taxonomy":"category","embeddable":true,"href":"https:\/\/www.kunstverein-bad-salzdetfurth.de\/inhalt\/wp-json\/wp\/v2\/categories?post=83247"},{"taxonomy":"post_tag","embeddable":true,"href":"https:\/\/www.kunstverein-bad-salzdetfurth.de\/inhalt\/wp-json\/wp\/v2\/tags?post=83247"}],"curies":[{"name":"wp","href":"https:\/\/api.w.org\/{rel}","templated":true}]}}