{"id":83096,"date":"2005-02-25T16:10:03","date_gmt":"2005-02-25T15:10:03","guid":{"rendered":"https:\/\/vorschau.kunstverein-bad-salzdetfurth.de\/inhalt\/?p=83096"},"modified":"2019-08-25T16:12:56","modified_gmt":"2019-08-25T15:12:56","slug":"ueber-den-ausdruck-betrachtungen-zur-aesthetik-des-ausdruecklichen-wenn-kunst-eindruck-macht","status":"publish","type":"post","link":"https:\/\/www.kunstverein-bad-salzdetfurth.de\/inhalt\/2005\/02\/25\/ueber-den-ausdruck-betrachtungen-zur-aesthetik-des-ausdruecklichen-wenn-kunst-eindruck-macht\/","title":{"rendered":"&#8222;\u00dcber den Ausdruck &#8211; Betrachtungen zur \u00c4sthetik des Ausdr\u00fccklichen &#8211; Wenn Kunst Eindruck macht&#8220;"},"content":{"rendered":"<div class=\"wpb-content-wrapper\"><p>[vc_row][vc_column width=&#8220;1\/4&#8243;][vc_single_image media=&#8220;83097&#8243; media_width_percent=&#8220;100&#8243;][\/vc_column][vc_column width=&#8220;1\/2&#8243;][vc_column_text]<strong>Autorenlesung<\/strong><\/p>\n<p><strong>Norbert Hilbig liest aus seinem neuen Buch<\/strong><\/p>\n<p>Am Montag, dem 28. Februar 2005 um 20.00 Uhr liest der Autor Dr. Norbert Hilbig zusammen mit Ingrid R\u00f6\u00dfler aus dem Buch &#8222;\u00dcber den Ausdruck &#8211; Betrachtungen zur \u00c4sthetik des Ausdr\u00fccklichen &#8211; Wenn Kunst Eindruck macht&#8220;.<\/p>\n<p>Das Buch erschien k\u00fcrzlich im Verlag und Druckhaus K\u00f6hler, hat einen Umfang von 220 Seiten und kostet 18 Euro. Es ist das wohl pers\u00f6nlichste Buch, das Hilbig bislang geschrieben hat und enth\u00e4lt \u00e4sthetische Betrachtungen unter anderem zu Werken von Hans-Werner Kalkmann, Paul K\u00f6nig, R\u00fcdiger H\u00f6ding, Micha Kloth und Jonathan Meese.<\/p>\n<p>In der Einleitung des Buches schreibt Hilbig: In allem ist Ausdruck. Alles dr\u00fcckt sich aus. Einzig aber im k\u00fcnstlerischen Ausdruck ist das authentische Ich als Gedanke und M\u00f6glichkeit gegenw\u00e4rtig. So, als w\u00e4re ein authentisches Leben m\u00f6glich, konkretisiert jedes Kunstwerk eine universelle Utopie.<\/p>\n<p>Einem poetischen Baukasten gleich, wird dieser Utopie in den vorliegenden Manuskripten nachgesp\u00fcrt. Aus den poetischen Bausteinen formt vielleicht sich ein Gedankengeb\u00e4ude, das solche Utopie aufleuchten l\u00e4sst. Und da kein Baustein dem anderen gleicht, gro\u00dfe und kleine, schillernde und farblose, sperrige und ganz runde sich eingebaut finden, wird es ein buntes Geb\u00e4ude, mit vielen Fenstern und T\u00fcren, von denen viele weit offen stehen und manche verschlossen blieben.<\/p>\n<p>Und so entfaltet in vielen Facetten sich das, was k\u00fcnstlerischer Ausdruck durch die Erfahrung der Sinne, des Sehens, des H\u00f6rens, des F\u00fchlens, als M\u00f6glichkeit von Welt- und Ich-Erleben vorh\u00e4lt. In den Tr\u00e4nen und im Schmerz, im Lachen und im Weinen, in der Einsamkeit, im Schlafen, in den Verletzungen und Narben und in der Liebe gelangt zum Ausdruck, was in die Menschen sich eingedr\u00fcckt, eingeschrieben, eingepr\u00e4gt und ausgepr\u00e4gt hat. Und in eben diesem Ausdruck wird das authentische Ich seiner selbst sich gewahr, h\u00f6rt und sieht und f\u00fchlt, wie es aus sich selbst heraus sein will, wie es gemeint ist. Oder wie es sein k\u00f6nnte, wenn man es denn lie\u00dfe.[\/vc_column_text][\/vc_column][vc_column width=&#8220;1\/4&#8243;][\/vc_column][\/vc_row]<\/p>\n<\/div>","protected":false},"excerpt":{"rendered":"<p>Norbert Hilbig liest aus seinem neuen Buch<\/p>\n<p>Der Autor Dr. Norbert Hilbig liest zusammen mit Ingrid R\u00f6\u00dfler aus dem Buch &#8222;\u00dcber den Ausdruck &#8211; Betrachtungen zur \u00c4sthetik des Ausdr\u00fccklichen &#8211; Wenn Kunst Eindruck macht&#8220;. mehr<\/p>\n<p>28. Februar 2005, 20:00 h<\/p>\n","protected":false},"author":3,"featured_media":83097,"comment_status":"closed","ping_status":"closed","sticky":false,"template":"","format":"standard","meta":{"footnotes":""},"categories":[185,298],"tags":[],"class_list":["post-83096","post","type-post","status-publish","format-standard","has-post-thumbnail","hentry","category-veranstaltung","category-autorenlesung"],"_links":{"self":[{"href":"https:\/\/www.kunstverein-bad-salzdetfurth.de\/inhalt\/wp-json\/wp\/v2\/posts\/83096"}],"collection":[{"href":"https:\/\/www.kunstverein-bad-salzdetfurth.de\/inhalt\/wp-json\/wp\/v2\/posts"}],"about":[{"href":"https:\/\/www.kunstverein-bad-salzdetfurth.de\/inhalt\/wp-json\/wp\/v2\/types\/post"}],"author":[{"embeddable":true,"href":"https:\/\/www.kunstverein-bad-salzdetfurth.de\/inhalt\/wp-json\/wp\/v2\/users\/3"}],"replies":[{"embeddable":true,"href":"https:\/\/www.kunstverein-bad-salzdetfurth.de\/inhalt\/wp-json\/wp\/v2\/comments?post=83096"}],"version-history":[{"count":3,"href":"https:\/\/www.kunstverein-bad-salzdetfurth.de\/inhalt\/wp-json\/wp\/v2\/posts\/83096\/revisions"}],"predecessor-version":[{"id":83103,"href":"https:\/\/www.kunstverein-bad-salzdetfurth.de\/inhalt\/wp-json\/wp\/v2\/posts\/83096\/revisions\/83103"}],"wp:featuredmedia":[{"embeddable":true,"href":"https:\/\/www.kunstverein-bad-salzdetfurth.de\/inhalt\/wp-json\/wp\/v2\/media\/83097"}],"wp:attachment":[{"href":"https:\/\/www.kunstverein-bad-salzdetfurth.de\/inhalt\/wp-json\/wp\/v2\/media?parent=83096"}],"wp:term":[{"taxonomy":"category","embeddable":true,"href":"https:\/\/www.kunstverein-bad-salzdetfurth.de\/inhalt\/wp-json\/wp\/v2\/categories?post=83096"},{"taxonomy":"post_tag","embeddable":true,"href":"https:\/\/www.kunstverein-bad-salzdetfurth.de\/inhalt\/wp-json\/wp\/v2\/tags?post=83096"}],"curies":[{"name":"wp","href":"https:\/\/api.w.org\/{rel}","templated":true}]}}