{"id":82695,"date":"2005-06-11T19:41:28","date_gmt":"2005-06-11T18:41:28","guid":{"rendered":"https:\/\/vorschau.kunstverein-bad-salzdetfurth.de\/inhalt\/?p=82695"},"modified":"2019-08-19T20:08:06","modified_gmt":"2019-08-19T19:08:06","slug":"la-main-dans-la-main","status":"publish","type":"post","link":"https:\/\/www.kunstverein-bad-salzdetfurth.de\/inhalt\/2005\/06\/11\/la-main-dans-la-main\/","title":{"rendered":"\u00bb La main dans la main\u00ab"},"content":{"rendered":"<div class=\"wpb-content-wrapper\"><p>[vc_row][vc_column width=&#8220;1\/4&#8243;][vc_single_image media=&#8220;82696&#8243; media_width_percent=&#8220;100&#8243;][vc_gallery el_id=&#8220;gallery-710405&#8243; isotope_mode=&#8220;vertical&#8220; medias=&#8220;82709,82710,82711,82712,82713,82714,82716,82717,82718,82719,82728,82758,82724,82723,82725,82726,82727,82735,82760,82736,82737,82755,82739,82738,82741,82742,82751,82744,82745,82746,82747,82749,82750,82729,82730,82731,82732,82733,82734,82753,82754,82756,82757,82759,82748,82743,82740,82762,82721,82763,82764,82766,82765,82768,82761,82769&#8243; gutter_size=&#8220;5&#8243; media_items=&#8220;media|lightbox|original,caption&#8220; screen_lg=&#8220;1000&#8243; screen_md=&#8220;600&#8243; screen_sm=&#8220;480&#8243; single_text=&#8220;under&#8220; single_width=&#8220;6&#8243; single_overlay_opacity=&#8220;1&#8243; single_padding=&#8220;2&#8243; lbox_caption=&#8220;yes&#8220;][\/vc_column][vc_column width=&#8220;3\/4&#8243;][vc_custom_heading heading_semantic=&#8220;h3&#8243; text_size=&#8220;h3&#8243;]Internationale Gruppenausstellung mit ca. 40 K\u00fcnstlerinnen und K\u00fcnstlern[\/vc_custom_heading][vc_column_text]<strong>11. Juni bis 28. August 2005<\/strong><\/p>\n<p><strong>Kurator: Hans-Werner Kalkmann<\/strong><\/p>\n<p>Einf\u00fchrung in die Ausstellung von Michael Stoeber, Hannover als \u00bb<a href=\"http:\/\/www.kunstverein-bad-salzdetfurth.de\/haupt\/2005\/hand\/Hand_Bodenbg.pdf\" target=\"_blank\" rel=\"noopener noreferrer\">Druckversion<\/a>\u00ab[\/vc_column_text][vc_column_text]Mit dieser Ausstellung setzen wir den neuen Ausstellungszyklus zu den Sinnesorganen des Menschen nach der Thematisierung des Mundes im Jahre 2005 mit der Hand, dem wichtigsten Werkzeug des Homo Sapiens, fort.<\/p>\n<p>Auch f\u00fcr diese Ausstellung konnten wir wieder eine gro\u00dfe Zahl von K\u00fcnstlerinnen und K\u00fcnstlern gewinnen, die uns Ihre Seh- und F\u00fchlweisen der Hand mit sehr unterschiedlichen Interpretationen vor Augen f\u00fchren. Eine Anzahl von Ihnen hat eigens f\u00fcr diese Ausstellung die Werke geschaffen.<\/p>\n<p>Integrativer Bestandteil der Ausstellung ist ein umfangreicher Katalog mit wissenschaftlichen Beitr\u00e4gen zur Handthematik, der au\u00dferdem nat\u00fcrlich die Abbildungen aller ausgestellten Werke enth\u00e4lt.<\/p>\n<p>Hans-Werner Kalkmann (Vorsitzender)[\/vc_column_text][vc_custom_heading heading_semantic=&#8220;h3&#8243; text_size=&#8220;h3&#8243;]Editionen zur Ausstellung [\/vc_custom_heading][vc_column_text]<strong>Fischer, Pierre<\/strong><br \/>\nHandhund 2003, \u00d6l, Acryl und Lack auf Leinwand, 65&#215;65 cm, 1.400 Euro<br \/>\nVersuch einer Einigung 2003, \u00d6l, Acryl und Lack auf Leinwand, 65&#215;65 cm, 1.400 Euro<\/p>\n<p><strong>Kl\u00f6ckner, Kirsten<\/strong><br \/>\nIgel 2003, Bronze Ca. 21x15cm, 5 Exemplare, 3.000,00 Euro<\/p>\n<p><strong>Knoke, Robert<\/strong><br \/>\nBeauty (mannered blossom) II 2005, Photocollage, 22x27cm, 8 Exemplare + 2 E.A. Exemplare, 250,00 Euro<\/p>\n<p><strong>Wandrey, Petrus<\/strong><br \/>\nTOUCH 1996, Siebdruck auf B\u00fctten, 77&#215;196 cm, 50 Exemplare, 250,00 Euro<br \/>\nWeissenbacher, Sebastian<br \/>\nHand in Hand 2005, \u00d6l auf Molino, 100&#215;100 cm, 2.800,00 Euro<\/p>\n<p>Einf\u00fchrung in die Ausstellung von Michael Stoeber, Hannover als \u00bb<a href=\"http:\/\/www.kunstverein-bad-salzdetfurth.de\/haupt\/2005\/hand\/Hand_Bodenbg.pdf\" target=\"_blank\" rel=\"noopener noreferrer\">Druckversion<\/a>\u00ab[\/vc_column_text][vc_custom_heading heading_semantic=&#8220;h3&#8243; text_size=&#8220;h3&#8243;]Liste des participants[\/vc_custom_heading][uncode_list]<\/p>\n<ul>\n<li><strong>Alvesleben von<\/strong>, Christian (D)<\/li>\n<li><strong>Averbuch<\/strong>, Ilan (IL)<\/li>\n<li><strong>Beeby<\/strong>, Tim (GB)<\/li>\n<li><strong>Bolenz<\/strong>, Ulrike (B)<\/li>\n<li><strong>Borgeois<\/strong>, Louise<\/li>\n<li><strong>B\u00fcrger<\/strong>, Sabine (D)<\/li>\n<li><strong>Camesi<\/strong>, Gianfredo (CH)<\/li>\n<li><strong>Canogar<\/strong>, Rafael (E)<\/li>\n<li><strong>Chillida<\/strong>, Eduardo (E)<\/li>\n<li><strong>Ciervo<\/strong>, Costantino (I)<\/li>\n<li><strong>Clemente<\/strong>, Francesco (I)<\/li>\n<li><strong>Cone Weeks<\/strong>, Stephen (GB)<\/li>\n<li><strong>Dressler<\/strong>, Otto (D)<\/li>\n<li><strong>Fischer<\/strong>, Pierre (F)<\/li>\n<li><strong>Fox<\/strong>, Anselmo (CH)<\/li>\n<li><strong>Geitel<\/strong>, Matthias (D)<\/li>\n<li><strong>Gr\u00fcnfelder<\/strong>, Urban (A)<\/li>\n<li><strong>Grzyb<\/strong>, Ryszard (PL)<\/li>\n<li><strong>Hahn<\/strong>, Eckart (D)<\/li>\n<li><strong>Hans-OISEAU (D)<\/strong><\/li>\n<li><strong>H\u00f6rl<\/strong>, Ottmar (D)<\/li>\n<li><strong>Holzer<\/strong>, Jenny (USA)<\/li>\n<li><strong>Inoue<\/strong>, Hiroko (JP)<\/li>\n<li><strong>Kl\u00f6ckner<\/strong>, Kirsten (D)<\/li>\n<li><strong>Knoke<\/strong>, Robert (D)<\/li>\n<li><strong>Lergo<\/strong>, Angela (E)<\/li>\n<li><strong>Lesueur<\/strong>, Natacha (F)<\/li>\n<li><strong>Marek<\/strong>, Max (USA)<\/li>\n<li><strong>Matta<\/strong>, Ramuntcho (CL)<\/li>\n<li><strong>Michals<\/strong>, Duane (USA)<\/li>\n<li><strong>Neugebauer<\/strong>, Ursula (D<\/li>\n<li><strong>OWUSU-ANKOMAH<\/strong>, (Ghana)<\/li>\n<li><strong>Passow<\/strong>, Beate (D)<\/li>\n<li><strong>Phelps<\/strong>, Danica (USA)<\/li>\n<li><strong>Rattray<\/strong>, Diana (GB)<\/li>\n<li><strong>Ray<\/strong>, Man (USA)<\/li>\n<li><strong>Rivers<\/strong>, Larry (USA)<\/li>\n<li><strong>Samen<\/strong>, Judith (D)<\/li>\n<li><strong>Schneider<\/strong>, Klaus (D)<\/li>\n<li><strong>Spoerry<\/strong>, Daniel (I)<\/li>\n<li><strong>Ulrichs<\/strong>, Timm (D)<\/li>\n<li><strong>Weissenbacher<\/strong>, Sebastian (A)<\/li>\n<li><strong>Wintersberger<\/strong>, Lambert Maria (D)<\/li>\n<\/ul>\n<p>[\/uncode_list][vc_custom_heading heading_semantic=&#8220;h3&#8243; text_size=&#8220;h3&#8243;]Zur Ausstellung ist ein Katalog erschienen[\/vc_custom_heading][vc_column_text]\u00bbLa main dans la main\u00ab<br \/>\nHerausgegeben vom Kunstverein Bad Salzdetfurth.<\/p>\n<p>Mit Texten von:<br \/>\nDr. Hubert Egger, Wien (A)<br \/>\nDr. Norbert Hilbig, Hildesheim (D)<br \/>\nHans-Werner Kalkmann, Bodenburg (D)<br \/>\nJacques Monnier, Lausanne (CH)<br \/>\nDr. Marie-Rose Rabat\u00e9, Paris (F)<br \/>\nProf. Dr. Christoph Rehmann-Sutter, Basel (CH)<br \/>\nDr. Claudia Schm\u00f6lders, Berlin (D)<br \/>\nFrank R. Wilson, San Francisco (USA)[\/vc_column_text][vc_row_inner][vc_column_inner width=&#8220;1\/4&#8243;][vc_single_image media=&#8220;82703&#8243; media_width_percent=&#8220;50&#8243; media_link=&#8220;url:https%3A%2F%2Fvorschau.kunstverein-bad-salzdetfurth.de%2Finhalt%2Fproduct%2Fla-main-dans-la-main%2F|title:%C2%BBLa%20main%20dans%20la%20main%C2%AB||&#8220;][\/vc_column_inner][vc_column_inner width=&#8220;3\/4&#8243;][vc_column_text]Hardcover, 21,4 x 28,5 cm<br \/>\n50 Farb- und 117 s\/w-Abbildungen<br \/>\n191 Seiten,<br \/>\nBodenburg 2005<br \/>\nISBN 3-922805-88-4, 20 \u20ac<\/p>\n<p><a href=\"https:\/\/vorschau.kunstverein-bad-salzdetfurth.de\/inhalt\/product\/la-main-dans-la-main\/\">bestellen<\/a>[\/vc_column_text][\/vc_column_inner][\/vc_row_inner][\/vc_column][\/vc_row]<\/p>\n<\/div>","protected":false},"excerpt":{"rendered":"<p>mit ca. 40 K\u00fcnstlerinnen und K\u00fcnstlern<\/p>\n<p>11. Juni bis 28. August 2005<\/p>\n<p>Vernissage: 11. Juni, 17 Uhr<\/p>\n","protected":false},"author":3,"featured_media":82696,"comment_status":"closed","ping_status":"closed","sticky":false,"template":"","format":"standard","meta":{"footnotes":""},"categories":[187],"tags":[],"class_list":["post-82695","post","type-post","status-publish","format-standard","has-post-thumbnail","hentry","category-internationale-gruppenausstellung"],"_links":{"self":[{"href":"https:\/\/www.kunstverein-bad-salzdetfurth.de\/inhalt\/wp-json\/wp\/v2\/posts\/82695"}],"collection":[{"href":"https:\/\/www.kunstverein-bad-salzdetfurth.de\/inhalt\/wp-json\/wp\/v2\/posts"}],"about":[{"href":"https:\/\/www.kunstverein-bad-salzdetfurth.de\/inhalt\/wp-json\/wp\/v2\/types\/post"}],"author":[{"embeddable":true,"href":"https:\/\/www.kunstverein-bad-salzdetfurth.de\/inhalt\/wp-json\/wp\/v2\/users\/3"}],"replies":[{"embeddable":true,"href":"https:\/\/www.kunstverein-bad-salzdetfurth.de\/inhalt\/wp-json\/wp\/v2\/comments?post=82695"}],"version-history":[{"count":8,"href":"https:\/\/www.kunstverein-bad-salzdetfurth.de\/inhalt\/wp-json\/wp\/v2\/posts\/82695\/revisions"}],"predecessor-version":[{"id":82774,"href":"https:\/\/www.kunstverein-bad-salzdetfurth.de\/inhalt\/wp-json\/wp\/v2\/posts\/82695\/revisions\/82774"}],"wp:featuredmedia":[{"embeddable":true,"href":"https:\/\/www.kunstverein-bad-salzdetfurth.de\/inhalt\/wp-json\/wp\/v2\/media\/82696"}],"wp:attachment":[{"href":"https:\/\/www.kunstverein-bad-salzdetfurth.de\/inhalt\/wp-json\/wp\/v2\/media?parent=82695"}],"wp:term":[{"taxonomy":"category","embeddable":true,"href":"https:\/\/www.kunstverein-bad-salzdetfurth.de\/inhalt\/wp-json\/wp\/v2\/categories?post=82695"},{"taxonomy":"post_tag","embeddable":true,"href":"https:\/\/www.kunstverein-bad-salzdetfurth.de\/inhalt\/wp-json\/wp\/v2\/tags?post=82695"}],"curies":[{"name":"wp","href":"https:\/\/api.w.org\/{rel}","templated":true}]}}