{"id":82588,"date":"2004-06-05T18:29:49","date_gmt":"2004-06-05T17:29:49","guid":{"rendered":"https:\/\/vorschau.kunstverein-bad-salzdetfurth.de\/inhalt\/?p=82588"},"modified":"2019-08-19T19:47:28","modified_gmt":"2019-08-19T18:47:28","slug":"bocca-della-verita","status":"publish","type":"post","link":"https:\/\/www.kunstverein-bad-salzdetfurth.de\/inhalt\/2004\/06\/05\/bocca-della-verita\/","title":{"rendered":"\u00bb Bocca della Verit\u00e0\u00ab"},"content":{"rendered":"<div class=\"wpb-content-wrapper\"><p>[vc_row][vc_column width=&#8220;1\/1&#8243;][vc_tabs history=&#8220;yes&#8220;][vc_tab tab_id=&#8220;1566236039-1-43&#8243; title=&#8220;Der Mund&#8220;][vc_row_inner][vc_column_inner width=&#8220;1\/4&#8243;][vc_single_image media=&#8220;82692&#8243; media_width_percent=&#8220;100&#8243;][vc_gallery el_id=&#8220;gallery-710405&#8243; isotope_mode=&#8220;vertical&#8220; medias=&#8220;82614,82615,82663,82616,82649,82677,82662,82646,82666,82647,82617,82618,82619,82621,82620,82669,82628,82622,82623,82678,82642,82639,82645,82641,82644,82648,82638,82624,82625,82626,82627,82637,82654,82684,82679,82636,82658,82643,82668,82673,82652,82656,82659,82640,82629,82661,82676,82670,82630,82631,82593,82632,82633,82634,82664,82674,82672,82671,82675,82665,82651,82653,82635,82655,82657,82660,82667&#8243; gutter_size=&#8220;5&#8243; media_items=&#8220;media|lightbox|original,caption&#8220; screen_lg=&#8220;1000&#8243; screen_md=&#8220;600&#8243; screen_sm=&#8220;480&#8243; single_text=&#8220;under&#8220; single_width=&#8220;6&#8243; single_overlay_opacity=&#8220;1&#8243; single_padding=&#8220;2&#8243; lbox_caption=&#8220;yes&#8220;][\/vc_column_inner][vc_column_inner width=&#8220;3\/4&#8243;][vc_custom_heading heading_semantic=&#8220;h3&#8243; text_size=&#8220;h3&#8243;]Der Mensch in der Zeitgen\u00f6ssischen Kunst[\/vc_custom_heading][vc_column_text]Eine Reihe von 5 internationalen Gruppenausstellungen mit der<br \/>\n1. Ausstellung zum Thema Mund<\/p>\n<p>Kurator: Hans-Werner Kalkmann<\/p>\n<p><strong>26. Juni bis 5. September 2004.<\/strong>[\/vc_column_text][vc_column_text]<a href=\"https:\/\/vorschau.kunstverein-bad-salzdetfurth.de\/inhalt\/product\/bocca-della-verita\/\">Zur Ausstellung ist ein Katalog erschienen!<\/a>[\/vc_column_text][vc_single_image media=&#8220;82601&#8243; media_width_percent=&#8220;25&#8243; shadow=&#8220;yes&#8220; shadow_weight=&#8220;std&#8220; media_link=&#8220;url:https%3A%2F%2Fvorschau.kunstverein-bad-salzdetfurth.de%2Finhalt%2Fproduct%2Fbocca-della-verita%2F|title:%C2%BBBocca%20della%20verit%C3%A0%C2%AB||&#8220;][vc_custom_heading heading_semantic=&#8220;h3&#8243; text_size=&#8220;h3&#8243;]Vorbemerkung[\/vc_custom_heading][vc_column_text]n den Jahren 1998 bis 2003 thematisierte der Kunstverein die Tierarten Stier, K\u00e4fer, Vogel, Schlange und Fisch in internationalen Gruppenausstellungen an denen 281 K\u00fcnstlerinnen und K\u00fcnstler teilnahmen.<\/p>\n<p>In der neuen Ausstellungsreihe widmen wir uns mit f\u00fcnf Ausstellungen dem Menschen mit seinen f\u00fcnf Sinnen und konzentrieren uns dabei auf die ausschnitthafte Darstellung der Sinnesorgane. Auch diese Ausstellungen werden wieder Gruppenausstellungen sein, in denen versucht wird, Werke zeitgen\u00f6ssischer K\u00fcnstlerinnen und K\u00fcnstler zu zeigen, die eigens f\u00fcr die jeweilige Ausstellung erstellt wurden. Selbstverst\u00e4ndlich werden hierzu auch R\u00fcckgriffe in die Kunstgeschichte gemacht, um so die vielschichtigen Verkn\u00fcpfungen von Gegenwart und Vergangenheit deutlich werden zu lassen.<\/p>\n<p>Jede Ausstellung wird von einem Katalog (mit Abbildungen von allen ausgestellten Werken) begleitet, der au\u00dferdem in Texten das jeweilige Sinnesorgan aus der fachlichen Sicht von Medizinern, Physiologen, Psychologen und anderen einschl\u00e4gigen Wissenschaften beleuchtet.[\/vc_column_text][vc_custom_heading heading_semantic=&#8220;h3&#8243; text_size=&#8220;h3&#8243;]Der Mund[\/vc_custom_heading][vc_column_text]Etymologisch ist das deutsche Wort Mund doppeldeutig und kann einerseits vom lateinischen mentum = Kinn \/ Kinnlade, oder andererseits von der indogermanischen Wurzel menth = kauen abgeleitet sein. Das Wort wurde fr\u00fcher auch im Sinne von \u00d6ffnung, Loch oder Spalt gebraucht.<\/p>\n<p>Diese sp\u00e4rliche etymologische Ableitung wird der heutigen Bedeutung des Mundes jedoch in keiner Weise gerecht, ist er doch besonders in der Neuzeit zu einem wichtigen Symbol in der Bilderflut unserer audiovisuellen Angebote geworden, ganz abgesehen davon, dass der Mund als Werkzeug zur Artikulation von Sprache das menschliche Sinnesorgan schlechthin ist.<\/p>\n<p>Kulturgeschichtlich gesehen schlagen sich die unterschiedlichen Aspekte jedoch schon sehr fr\u00fch in bildhaften Darstellungen, literarischen Zeugnissen und Redenarten nieder, so z.B. bei \u00c4sop (Fabel Nr. 64), Jesaja (53,7) oder in der &gt;Kaiserchronik&lt; (Mitte des 12. Jahrh.), und ganz bekannt ist ja die luthersche Redewendung \u201eden Leute auf\u00b4s Maul schauen\u201c. Es lie\u00dfen sich noch viele Beispiele nennen in denen der Mund oder das Maul auch im \u00fcbertragenden Sinne bildhaft eingesetzt werden.<\/p>\n<p>Wir haben das Bild des \u00bbMundes der Wahrheit\u00ab f\u00fcr den Titel unserer Ausstellung gew\u00e4hlt, weil mit ihm das Bei\u00dfen und damit die Aufnahme von Nahrung thematisiert wird, aber auch die Sprache als Verst\u00e4ndigungsmittel des Menschen in den Fokus r\u00fcckt und hoffen, dass mit der Komplexit\u00e4t dieses Bildes die K\u00fcnstlerinnen und K\u00fcnstler unserer Zeit Bildfindungen entwickeln werden, die unsere Vorstellungen vom Mund erg\u00e4nzen und bereichern.<\/p>\n<p>Bodenburg, im Juli 2003<\/p>\n<p>Die weiteren Ausstellungen sind wie folgt geplant:<br \/>\nHand (2005) &#8211; Ohr (2006) &#8211; Nase (2007) und Auge (2008).[\/vc_column_text][vc_custom_heading heading_semantic=&#8220;h3&#8243; text_size=&#8220;h3&#8243;]Diese Ausstellung wird gef\u00f6rdert von[\/vc_custom_heading][uncode_list icon=&#8220;fa fa-chevron-right&#8220;]<\/p>\n<ul>\n<li>Stiftung Kunstfonds Bonn<\/li>\n<li>Nieders\u00e4chsische Lottostiftung<\/li>\n<li>Braunschweigischer Vereinigter Kloster- und Studienfonds<\/li>\n<li>Bezirksregierung Hannover<\/li>\n<li>Landschaftsverband Hildesheim e.V., Landkreis Hildesheim<\/li>\n<li>Stadt Bad Salzdetfurth<\/li>\n<li>Quensen Druck + Verlag, Galerie Willy Schoots<\/li>\n<li>ati kunsttransporte gmbh<\/li>\n<\/ul>\n<p>[\/uncode_list][vc_custom_heading heading_semantic=&#8220;h3&#8243; text_size=&#8220;h3&#8243;]Schirmherr der Ausstellung[\/vc_custom_heading][vc_column_text]Dr. Olaf Schwencke<\/p>\n<p>Pr\u00e4sident der Deutschen Vereinigung der Europ\u00e4ischen Kulturstiftung[\/vc_column_text][vc_custom_heading heading_semantic=&#8220;h3&#8243; text_size=&#8220;h3&#8243;]Teilnehmende K\u00fcnstlerInnen[\/vc_custom_heading][uncode_list icon=&#8220;fa fa-chevron-right&#8220;]<\/p>\n<ul>\n<li>Otmar <strong>ALT<\/strong><\/li>\n<li>Jens <strong>ANDRES<\/strong><\/li>\n<li>Josef <strong>BEUYS<\/strong><\/li>\n<li>Louise <strong>BOURGEOIS<\/strong><\/li>\n<li>J\u00fcrgen <strong>BRODWOLF<\/strong><\/li>\n<li>Veronika <strong>BROMOV\u00c1<\/strong><\/li>\n<li>Enzo <strong>CUCCHI<\/strong><\/li>\n<li>Mario <strong>DALPRA<\/strong><\/li>\n<li>Georg <strong>DOKOUPIL<\/strong><\/li>\n<li><strong>EVA &amp; ADELE<\/strong><\/li>\n<li>Tatiana ECHEVERRI <strong>FERNANDEZ<\/strong><\/li>\n<li>Anselmo <strong>FOX<\/strong><\/li>\n<li>Sam <strong>FRANCIS<\/strong><\/li>\n<li><strong>FRANEK<\/strong><\/li>\n<li>Jonas <strong>Galli<\/strong><\/li>\n<li>H.R. <strong>GIGER<\/strong><\/li>\n<li><strong>GROUP WHITE MOTHS<\/strong><\/li>\n<li>Bettina <strong>van <strong>HAAREN<\/strong><\/strong><\/li>\n<li>Eckart <strong>HAHN<\/strong><\/li>\n<li><strong>Hans-OISEAU<\/strong><\/li>\n<li>Werner <strong>HENKEL<\/strong><\/li>\n<li>Margareta <strong>HESSE<\/strong><\/li>\n<li>Thomas <strong>HORNEMANN<\/strong><\/li>\n<li>J\u00f6rg <strong>IMMENDORFF<\/strong><\/li>\n<li>Katrin <strong>JAQUET<\/strong><\/li>\n<li>Burglind <strong>JONAS<\/strong><\/li>\n<li>Fritz <strong>K\u00d6THE<\/strong><\/li>\n<li>Dieter <strong>KRIEG<\/strong><\/li>\n<li>EL <strong>LOKO<\/strong><\/li>\n<li>Alex <strong>MAJEWSKI<\/strong><\/li>\n<li>Nanne <strong>MEYER<\/strong><\/li>\n<li>Sergej <strong>MOHNTAU<\/strong><\/li>\n<li>Nadine <strong>NORMAN<\/strong><\/li>\n<li><strong>ORLAN<\/strong><\/li>\n<li><strong>OWUSU-ANKOMAH<\/strong><\/li>\n<li>Ewa <strong>PARTUM<\/strong><\/li>\n<li>Danica <strong>PHELPS<\/strong><\/li>\n<li>Jaume <strong>PLENSA<\/strong><\/li>\n<li>Matthias <strong>REECK<\/strong><\/li>\n<li>Susanne <strong>RITTER<\/strong><\/li>\n<li>Ulrich <strong>R\u00d6PKE<\/strong><\/li>\n<li>Boris <strong>SCHMALENBERGER<\/strong><\/li>\n<li>Annegret <strong>SOLTAU<\/strong><\/li>\n<li>Beate <strong>SPITZM\u00dcLLER<\/strong><\/li>\n<li>Ute <strong>THIEL<\/strong><\/li>\n<li>Timm <strong>ULRICHS<\/strong><\/li>\n<li>Patricia <strong>WALLER<\/strong><\/li>\n<li>Petrus <strong>WANDREY<\/strong><\/li>\n<li>Otto R. <strong>WEISSER<\/strong><\/li>\n<li>Dorothee <strong>von WINDHEIM<\/strong><\/li>\n<li>Marianne <strong>WIRRIES<\/strong><\/li>\n<\/ul>\n<p>[\/uncode_list][vc_custom_heading heading_semantic=&#8220;h3&#8243; text_size=&#8220;h3&#8243;]Editionen zur Ausstellung[\/vc_custom_heading][vc_column_text]FRANEK<\/p>\n<p>GIGER, H.R.<\/p>\n<p>HESSE, Margareta<\/p>\n<p>LEVY, Gabrielle<\/p>\n<p>MAJEWSKI, Alex<\/p>\n<p>NORMAN, Nadine<\/p>\n<p>ORLAN<\/p>\n<p>SOLTAU, Annegret<\/p>\n<p>THIEL, Ute<\/p>\n<p>WALLER, Patricia<\/p>\n<p>WANDREY, Petrus[\/vc_column_text][vc_single_image media=&#8220;82601&#8243; media_width_percent=&#8220;25&#8243; shadow=&#8220;yes&#8220; shadow_weight=&#8220;std&#8220; media_link=&#8220;url:https%3A%2F%2Fvorschau.kunstverein-bad-salzdetfurth.de%2Finhalt%2Fproduct%2Fbocca-della-verita%2F|title:%C2%BBBocca%20della%20verit%C3%A0%C2%AB||&#8220;][vc_column_text]<a href=\"https:\/\/vorschau.kunstverein-bad-salzdetfurth.de\/inhalt\/product\/bocca-della-verita\/\">Zur Ausstellung ist ein Katalog erschienen!<\/a><\/p>\n<p><strong>Mit Beitr\u00e4gen von:<\/strong>[\/vc_column_text][uncode_list icon=&#8220;fa fa-chevron-right&#8220;]<\/p>\n<ul>\n<li>Dr. Farideh Akashe-B\u00f6hme, Darmstadt (D)<\/li>\n<li>Prof. Dr. Hartmut B\u00f6hme, Berlin (D)<\/li>\n<li>Prof. Dr. Hubertus Halbfas, Drolshagen (D)<\/li>\n<li>Prof. Dr. Michael Hauskeller, Exeter (GB)<\/li>\n<li>Hans-Werner Kalkmann, Bodenburg (D)<\/li>\n<li>Prof. Dr. Eberhard Kruse, G\u00f6ttingen (D)<\/li>\n<li>Dr. Dr. Heinz E. L\u00e4ssig, M\u00fcnchen (D)<\/li>\n<li>Prof. Dr. Teodora Manea, Iasi (RO)<\/li>\n<li>Jacques Monnier, Lausanne (CH)<\/li>\n<\/ul>\n<p>[\/uncode_list][\/vc_column_inner][\/vc_row_inner][vc_row_inner][vc_column_inner column_width_percent=&#8220;100&#8243; align_horizontal=&#8220;align_right&#8220; gutter_size=&#8220;3&#8243; overlay_alpha=&#8220;50&#8243; medium_width=&#8220;0&#8243; mobile_width=&#8220;0&#8243; shift_x=&#8220;0&#8243; shift_y=&#8220;0&#8243; shift_y_down=&#8220;0&#8243; z_index=&#8220;0&#8243; width=&#8220;1\/2&#8243;][\/vc_column_inner][vc_column_inner width=&#8220;1\/2&#8243;][\/vc_column_inner][\/vc_row_inner][\/vc_tab][vc_tab tab_id=&#8220;1566238809767-3-4&#8243; title=&#8220;La Bouche&#8220;][vc_row_inner][vc_column_inner width=&#8220;1\/4&#8243;][vc_single_image media=&#8220;82692&#8243; media_width_percent=&#8220;100&#8243;][vc_gallery el_id=&#8220;gallery-710405&#8243; isotope_mode=&#8220;vertical&#8220; medias=&#8220;82614,82615,82663,82616,82649,82677,82662,82646,82666,82647,82617,82618,82619,82621,82620,82669,82628,82622,82623,82678,82642,82639,82645,82641,82644,82648,82638,82624,82625,82626,82627,82637,82654,82684,82679,82636,82658,82643,82668,82673,82652,82656,82659,82640,82629,82661,82676,82670,82630,82631,82593,82632,82633,82634,82664,82674,82672,82671,82675,82665,82651,82653,82635,82655,82657,82660,82667&#8243; gutter_size=&#8220;5&#8243; media_items=&#8220;media|lightbox|original,caption&#8220; screen_lg=&#8220;1000&#8243; screen_md=&#8220;600&#8243; screen_sm=&#8220;480&#8243; single_text=&#8220;under&#8220; single_width=&#8220;6&#8243; single_overlay_opacity=&#8220;1&#8243; single_padding=&#8220;2&#8243; lbox_caption=&#8220;yes&#8220;][\/vc_column_inner][vc_column_inner width=&#8220;3\/4&#8243;][vc_custom_heading heading_semantic=&#8220;h3&#8243; text_size=&#8220;h3&#8243;]L\u2019homme[\/vc_custom_heading][vc_column_text]Un ensemble de 5 expositions de groupes d\u2019artistes internationaux du<br \/>\n26.07. \u2013 05.09.2004, la premi\u00e8re exposition de la s\u00e9rie pr\u00e9sentera le<br \/>\nth\u00e8me suivant:<\/p>\n<p><strong>\u00bbBocca della Verit\u00e0\u00ab<\/strong><\/p>\n<p>Administrateur: Hans-Werner Kalkmann[\/vc_column_text][vc_column_text]<a href=\"https:\/\/vorschau.kunstverein-bad-salzdetfurth.de\/inhalt\/product\/bocca-della-verita\/\">Chaque exposition est accompagn\u00e9e d\u2019un catalogue<\/a> (avec des reproductions<br \/>\nde toutes les \u0153uvres expos\u00e9es) qui aborde le sens respectif trait\u00e9 dans<br \/>\nl\u2019exposition au moyen de textes, dans la perspective professionnelle<br \/>\nde m\u00e9decins, de physiologistes, de psychologues et d\u2019autres scientifiques concern\u00e9s\u2026..[\/vc_column_text][vc_single_image media=&#8220;82601&#8243; media_width_percent=&#8220;25&#8243; shadow=&#8220;yes&#8220; shadow_weight=&#8220;std&#8220; media_link=&#8220;url:https%3A%2F%2Fvorschau.kunstverein-bad-salzdetfurth.de%2Finhalt%2Fproduct%2Fbocca-della-verita%2F|title:%C2%BBBocca%20della%20verit%C3%A0%C2%AB||&#8220;][vc_custom_heading heading_semantic=&#8220;h3&#8243; text_size=&#8220;h3&#8243;]Remarque pr\u00e9liminaire[\/vc_custom_heading][vc_column_text]Dans les ann\u00e9es 1998 \u00e0 2003, au cours d\u2019expositions<br \/>\nde groupes d\u2019artistes internationaux, l\u2019association artistique a pris pour th\u00e8me<br \/>\nles animaux suivants: le taureau, le scarab\u00e9e, l\u2019oiseau, le serpent et le poisson. 281 artistes ont particip\u00e9 \u00e0 ces expositions.<\/p>\n<p>Dans la nouvelle s\u00e9rie compos\u00e9e de cinq expositions, nous nous consacrerons<br \/>\n\u00e0 l\u2019homme et \u00e0 ses cinq sens, tout en nous concentrant sur la repr\u00e9sentation partielle des organes des sens. Il s\u2019agira \u00e9galement d\u2019expositions de groupes s\u2019effor\u00e7ant de pr\u00e9senter les \u0153uvres d\u2019artistes contemporains, cr\u00e9\u00e9es<br \/>\nexpress\u00e9ment pour ces expositions respectives. A ce sujet, il sera bien<br \/>\nentendu fait r\u00e9f\u00e9rence \u00e0 l\u2019histoire de l\u2019art, afin de mettre en lumi\u00e8re les<br \/>\nnombreuses imbrications du pr\u00e9sent et du pass\u00e9.[\/vc_column_text][vc_custom_heading heading_semantic=&#8220;h3&#8243; text_size=&#8220;h3&#8243;]La bouche[\/vc_custom_heading][vc_column_text]\u00c9tymologiquement, le sens du mot allemand bouche est double. D\u2019une part<br \/>\nil peut \u00eatre d\u00e9riv\u00e9 du latin mentum = menton, m\u00e2choire ou d\u2019autre part, de<br \/>\nla racine indo-germanique menth = m\u00e2cher. Autrefois, le mot a \u00e9galement<br \/>\n\u00e9t\u00e9 utilis\u00e9 dans le sens d\u2019ouverture, de trou ou de fente.<\/p>\n<p>Cette d\u00e9rivation \u00e9tymologique sommaire ne vient aucunement \u00e0 bout de<br \/>\nla signification actuelle de la bouche, devenue un symbole important dans<br \/>\nle flux d\u2019images de nos offres audiovisuelles, outre le fait que la bouche,<br \/>\nen tant qu\u2019outil d\u2019articulation du langage, constitue l\u2019organe des sens de<br \/>\nl\u2019homme par excellence.<\/p>\n<p>Du point de vue de l\u2019histoire de la civilisation, les diff\u00e9rents aspects se<br \/>\nmanifestent tr\u00e8s t\u00f4t dans des repr\u00e9sentations imag\u00e9es, des t\u00e9moignages<br \/>\nlitt\u00e9raires et des dictons, comme par exemple chez \u00c9sope (fable n\u00b0 64),<br \/>\nIsa\u00efe ou dans la \u00bbChronique imp\u00e9riale\u00ab (au milieu du XIIe si\u00e8cle).<br \/>\nLe dicton de Luther \u00bbregarder les gens dans la gueule\u00ab est tr\u00e8s connu.<br \/>\nOn pourrait citer beaucoup d\u2019autres exemples dans lesquels la bouche ou<br \/>\nla gueule sont utilis\u00e9es de fa\u00e7on imag\u00e9e, \u00e9galement dans le sens figur\u00e9<br \/>\ndu terme.<\/p>\n<p>Si nous avons choisi l\u2019image de \u00bbla bouche de la v\u00e9rit\u00e9\u00ab comme titre de<br \/>\nnotre exposition, c\u2019est qu\u2019elle th\u00e9matise le fait de mordre et d\u2019absorber<br \/>\nde la nourriture, elle met l\u2019accent sur le langage comme moyen de<br \/>\ncommunication de l\u2019homme. Nous esp\u00e9rons qu\u2019avec la complexit\u00e9 de<br \/>\ncette image, les artistes contemporains sauront d\u00e9velopper et trouver<br \/>\ndes repr\u00e9sentations qui compl\u00e8teront et enrichiront l\u2019id\u00e9e que nous nous<br \/>\nfaisons de la bouche.<\/p>\n<p>Bodenburg, juillet 2003.<\/p>\n<p>Les expositions suivantes sont pr\u00e9vues comme suit:<br \/>\nLa main (2005) &#8211; l\u2019oreille (2006) \u2013 le nez (2007) et l\u2019\u0153il (2008).[\/vc_column_text][vc_custom_heading heading_semantic=&#8220;h3&#8243; text_size=&#8220;h3&#8243;]Diese Ausstellung wird gef\u00f6rdert von[\/vc_custom_heading][uncode_list icon=&#8220;fa fa-chevron-right&#8220;]<\/p>\n<ul>\n<li>Stiftung Kunstfonds Bonn<\/li>\n<li>Nieders\u00e4chsische Lottostiftung<\/li>\n<li>Braunschweigischer Vereinigter Kloster- und Studienfonds<\/li>\n<li>Bezirksregierung Hannover<\/li>\n<li>Landschaftsverband Hildesheim e.V., Landkreis Hildesheim<\/li>\n<li>Stadt Bad Salzdetfurth<\/li>\n<li>Quensen Druck + Verlag, Galerie Willy Schoots<\/li>\n<li>ati kunsttransporte gmbh<\/li>\n<\/ul>\n<p>[\/uncode_list][vc_custom_heading heading_semantic=&#8220;h3&#8243; text_size=&#8220;h3&#8243;]Schirmherr der Ausstellung[\/vc_custom_heading][vc_column_text]Dr. Olaf Schwencke<\/p>\n<p>Pr\u00e4sident der Deutschen Vereinigung der Europ\u00e4ischen Kulturstiftung[\/vc_column_text][vc_custom_heading heading_semantic=&#8220;h3&#8243; text_size=&#8220;h3&#8243;]Liste des participants[\/vc_custom_heading][uncode_list icon=&#8220;fa fa-chevron-right&#8220;]<\/p>\n<ul>\n<li>Otmar <strong>ALT<\/strong><\/li>\n<li>Jens <strong>ANDRES<\/strong><\/li>\n<li>Josef <strong>BEUYS<\/strong><\/li>\n<li>Louise <strong>BOURGEOIS<\/strong><\/li>\n<li>J\u00fcrgen <strong>BRODWOLF<\/strong><\/li>\n<li>Veronika <strong>BROMOV\u00c1<\/strong><\/li>\n<li>Enzo <strong>CUCCHI<\/strong><\/li>\n<li>Mario <strong>DALPRA<\/strong><\/li>\n<li>Georg <strong>DOKOUPIL<\/strong><\/li>\n<li><strong>EVA &amp; ADELE<\/strong><\/li>\n<li>Tatiana ECHEVERRI <strong>FERNANDEZ<\/strong><\/li>\n<li>Anselmo <strong>FOX<\/strong><\/li>\n<li>Sam <strong>FRANCIS<\/strong><\/li>\n<li><strong>FRANEK<\/strong><\/li>\n<li>Jonas <strong>Galli<\/strong><\/li>\n<li>H.R. <strong>GIGER<\/strong><\/li>\n<li><strong>GROUP WHITE MOTHS<\/strong><\/li>\n<li>Bettina <strong>van <strong>HAAREN<\/strong><\/strong><\/li>\n<li>Eckart <strong>HAHN<\/strong><\/li>\n<li><strong>Hans-OISEAU<\/strong><\/li>\n<li>Werner <strong>HENKEL<\/strong><\/li>\n<li>Margareta <strong>HESSE<\/strong><\/li>\n<li>Thomas <strong>HORNEMANN<\/strong><\/li>\n<li>J\u00f6rg <strong>IMMENDORFF<\/strong><\/li>\n<li>Katrin <strong>JAQUET<\/strong><\/li>\n<li>Burglind <strong>JONAS<\/strong><\/li>\n<li>Fritz <strong>K\u00d6THE<\/strong><\/li>\n<li>Dieter <strong>KRIEG<\/strong><\/li>\n<li>EL <strong>LOKO<\/strong><\/li>\n<li>Alex <strong>MAJEWSKI<\/strong><\/li>\n<li>Nanne <strong>MEYER<\/strong><\/li>\n<li>Sergej <strong>MOHNTAU<\/strong><\/li>\n<li>Nadine <strong>NORMAN<\/strong><\/li>\n<li><strong>ORLAN<\/strong><\/li>\n<li><strong>OWUSU-ANKOMAH<\/strong><\/li>\n<li>Ewa <strong>PARTUM<\/strong><\/li>\n<li>Danica <strong>PHELPS<\/strong><\/li>\n<li>Jaume <strong>PLENSA<\/strong><\/li>\n<li>Matthias <strong>REECK<\/strong><\/li>\n<li>Susanne <strong>RITTER<\/strong><\/li>\n<li>Ulrich <strong>R\u00d6PKE<\/strong><\/li>\n<li>Boris <strong>SCHMALENBERGER<\/strong><\/li>\n<li>Annegret <strong>SOLTAU<\/strong><\/li>\n<li>Beate <strong>SPITZM\u00dcLLER<\/strong><\/li>\n<li>Ute <strong>THIEL<\/strong><\/li>\n<li>Timm <strong>ULRICHS<\/strong><\/li>\n<li>Patricia <strong>WALLER<\/strong><\/li>\n<li>Petrus <strong>WANDREY<\/strong><\/li>\n<li>Otto R. <strong>WEISSER<\/strong><\/li>\n<li>Dorothee <strong>von WINDHEIM<\/strong><\/li>\n<li>Marianne <strong>WIRRIES<\/strong><\/li>\n<\/ul>\n<p>[\/uncode_list][vc_custom_heading heading_semantic=&#8220;h3&#8243; text_size=&#8220;h3&#8243;]Editionen zur Ausstellung[\/vc_custom_heading][vc_column_text]FRANEK<\/p>\n<p>GIGER, H.R.<\/p>\n<p>HESSE, Margareta<\/p>\n<p>LEVY, Gabrielle<\/p>\n<p>MAJEWSKI, Alex<\/p>\n<p>NORMAN, Nadine<\/p>\n<p>ORLAN<\/p>\n<p>SOLTAU, Annegret<\/p>\n<p>THIEL, Ute<\/p>\n<p>WALLER, Patricia<\/p>\n<p>WANDREY, Petrus[\/vc_column_text][vc_single_image media=&#8220;82601&#8243; media_width_percent=&#8220;25&#8243; shadow=&#8220;yes&#8220; shadow_weight=&#8220;std&#8220; media_link=&#8220;url:https%3A%2F%2Fvorschau.kunstverein-bad-salzdetfurth.de%2Finhalt%2Fproduct%2Fbocca-della-verita%2F|title:%C2%BBBocca%20della%20verit%C3%A0%C2%AB||&#8220;][vc_column_text]<a href=\"https:\/\/vorschau.kunstverein-bad-salzdetfurth.de\/inhalt\/product\/bocca-della-verita\/\">Zur Ausstellung ist ein Katalog erschienen!<\/a><\/p>\n<p><strong>Mit Beitr\u00e4gen von:<\/strong>[\/vc_column_text][uncode_list icon=&#8220;fa fa-chevron-right&#8220;]<\/p>\n<ul>\n<li>Dr. Farideh Akashe-B\u00f6hme, Darmstadt (D)<\/li>\n<li>Prof. Dr. Hartmut B\u00f6hme, Berlin (D)<\/li>\n<li>Prof. Dr. Hubertus Halbfas, Drolshagen (D)<\/li>\n<li>Prof. Dr. Michael Hauskeller, Exeter (GB)<\/li>\n<li>Hans-Werner Kalkmann, Bodenburg (D)<\/li>\n<li>Prof. Dr. Eberhard Kruse, G\u00f6ttingen (D)<\/li>\n<li>Dr. Dr. Heinz E. L\u00e4ssig, M\u00fcnchen (D)<\/li>\n<li>Prof. Dr. Teodora Manea, Iasi (RO)<\/li>\n<li>Jacques Monnier, Lausanne (CH)<\/li>\n<\/ul>\n<p>[\/uncode_list][\/vc_column_inner][\/vc_row_inner][vc_row_inner][vc_column_inner column_width_percent=&#8220;100&#8243; align_horizontal=&#8220;align_right&#8220; gutter_size=&#8220;3&#8243; overlay_alpha=&#8220;50&#8243; medium_width=&#8220;0&#8243; mobile_width=&#8220;0&#8243; shift_x=&#8220;0&#8243; shift_y=&#8220;0&#8243; shift_y_down=&#8220;0&#8243; z_index=&#8220;0&#8243; width=&#8220;1\/2&#8243;][\/vc_column_inner][vc_column_inner width=&#8220;1\/2&#8243;][\/vc_column_inner][\/vc_row_inner][\/vc_tab][vc_tab tab_id=&#8220;1566238815718-4-10&#8243; title=&#8220;The Mouth&#8220;][vc_row_inner][vc_column_inner width=&#8220;1\/4&#8243;][vc_single_image media=&#8220;82692&#8243; media_width_percent=&#8220;100&#8243;][vc_gallery el_id=&#8220;gallery-710405&#8243; isotope_mode=&#8220;vertical&#8220; medias=&#8220;82614,82615,82663,82616,82649,82677,82662,82646,82666,82647,82617,82618,82619,82621,82620,82669,82628,82622,82623,82678,82642,82639,82645,82641,82644,82648,82638,82624,82625,82626,82627,82637,82654,82684,82679,82636,82658,82643,82668,82673,82652,82656,82659,82640,82629,82661,82676,82670,82630,82631,82593,82632,82633,82634,82664,82674,82672,82671,82675,82665,82651,82653,82635,82655,82657,82660,82667&#8243; gutter_size=&#8220;5&#8243; media_items=&#8220;media|lightbox|original,caption&#8220; screen_lg=&#8220;1000&#8243; screen_md=&#8220;600&#8243; screen_sm=&#8220;480&#8243; single_text=&#8220;under&#8220; single_width=&#8220;6&#8243; single_overlay_opacity=&#8220;1&#8243; single_padding=&#8220;2&#8243; lbox_caption=&#8220;yes&#8220;][\/vc_column_inner][vc_column_inner width=&#8220;3\/4&#8243;][vc_custom_heading heading_semantic=&#8220;h3&#8243; text_size=&#8220;h3&#8243;]The human being[\/vc_custom_heading][vc_column_text]A series of 5 international group exhibitions,<br \/>\nthe first of which (26.07. \u2013 05.09.2004) will deal with the subject of<\/p>\n<p><strong>\u00bbBocca della Verit\u00e0\u00ab<\/strong><\/p>\n<p>Curator: Hans-Werner Kalkmann[\/vc_column_text][vc_column_text]<a href=\"https:\/\/vorschau.kunstverein-bad-salzdetfurth.de\/inhalt\/product\/bocca-della-verita\/\">Zur Ausstellung ist ein Katalog erschienen!<\/a>[\/vc_column_text][vc_single_image media=&#8220;82601&#8243; media_width_percent=&#8220;25&#8243; shadow=&#8220;yes&#8220; shadow_weight=&#8220;std&#8220; media_link=&#8220;url:https%3A%2F%2Fvorschau.kunstverein-bad-salzdetfurth.de%2Finhalt%2Fproduct%2Fbocca-della-verita%2F|title:%C2%BBBocca%20della%20verit%C3%A0%C2%AB||&#8220;][vc_custom_heading heading_semantic=&#8220;h3&#8243; text_size=&#8220;h3&#8243;]Foreword[\/vc_custom_heading][vc_column_text]Between 1998 and 2003, the Art Association held international group exhibitions featuring the animal species bull, beetle, bird, snake and fish and involving 281 different artists.<\/p>\n<p>The new series of exhibitions is dedicated to the human being and his five senses, concentrating on representing the sense organs section by section. Once again, these exhibitions will be group exhibitions in which an attempt will be made to show works of contemporary artists created especially for the respective exhibition. Naturally recourse will also be made to art history in an effort to give a clear presentation of the multi-layered links between past and present and make these comprehensible.[\/vc_column_text][vc_custom_heading heading_semantic=&#8220;h3&#8243; text_size=&#8220;h3&#8243;]The Mouth[\/vc_custom_heading][vc_column_text]Etymologically speaking, the German word &#8222;Mund (mouth)&#8220; has a double meaning. It can be derived, on the one hand, from the Latin word \u201cmentum\u201d meaning &#8222;chin\/jaw-bone&#8220; or, on the other hand, from the Indo-Germanic root \u201cmenth\u201d meaning &#8222;to chew&#8220;. In former times, the word was also used in the sense of \u201copening\u201d, \u201chole\u201d or \u201ccrack\u201d.<\/p>\n<p>This somewhat meagre etymological derivation, however, in no way does fair justice to the current significance of the mouth, since in modern times it has become a highly significant symbol in the plethora of images of our audio-visual presentations. Quite apart from the fact that, as a tool for the articulation of language, the mouth is the epitome of the human sense organ.<\/p>\n<p>In the context of art history, the various aspects find expression at a very early stage in pictorial representations, literary evidence and sayings, such as in Aesop (fable no. 64), Jesaja (53.7) or in the German &#8222;Kaiserchronik (Chronicle of the Emperors)&#8220; (middle of the 12th century). Luther&#8217;s saying &#8222;den Leuten auf\u2019s Maul schauen (to listen to what people really say)&#8220; is, of course, very well-known. And there are many more examples in which the mouth is used pictorially in a figurative sense.<\/p>\n<p>We have chosen the image of the &#8222;Mouth of Truth&#8220; as the title of our exhibition because it makes biting a central theme, and thus also the ingestion of nutrition. Moreover it brings language as the human being&#8217;s means of communication into focus. We hope that, with the complexity of this image, our contemporary artists will develop pictorial discoveries which will complement and enrich our ideas of the mouth.<\/p>\n<p>Bodenburg, July 2003<\/p>\n<p>Further exhibitions are planned as follows:<br \/>\nHand (2005) \u2013 Ear (2006) \u2013 Nose (2007) and Eye (2008).[\/vc_column_text][vc_custom_heading heading_semantic=&#8220;h3&#8243; text_size=&#8220;h3&#8243;]This exhibition is supported by[\/vc_custom_heading][uncode_list icon=&#8220;fa fa-chevron-right&#8220;]<\/p>\n<ul>\n<li>Stiftung Kunstfonds Bonn<\/li>\n<li>Nieders\u00e4chsische Lottostiftung<\/li>\n<li>Braunschweigischer Vereinigter Kloster- und Studienfonds<\/li>\n<li>Bezirksregierung Hannover<\/li>\n<li>Landschaftsverband Hildesheim e.V., Landkreis Hildesheim<\/li>\n<li>Stadt Bad Salzdetfurth<\/li>\n<li>Quensen Druck + Verlag, Galerie Willy Schoots<\/li>\n<li>ati kunsttransporte gmbh<\/li>\n<\/ul>\n<p>[\/uncode_list][vc_custom_heading heading_semantic=&#8220;h3&#8243; text_size=&#8220;h3&#8243;]Patron of the exhibition[\/vc_custom_heading][vc_column_text]Dr. Olaf Schwencke<\/p>\n<p>Pr\u00e4sident der Deutschen Vereinigung der Europ\u00e4ischen Kulturstiftung[\/vc_column_text][vc_custom_heading heading_semantic=&#8220;h3&#8243; text_size=&#8220;h3&#8243;]Teilnehmende K\u00fcnstlerInnen[\/vc_custom_heading][uncode_list icon=&#8220;fa fa-chevron-right&#8220;]<\/p>\n<ul>\n<li>Otmar <strong>ALT<\/strong><\/li>\n<li>Jens <strong>ANDRES<\/strong><\/li>\n<li>Josef <strong>BEUYS<\/strong><\/li>\n<li>Louise <strong>BOURGEOIS<\/strong><\/li>\n<li>J\u00fcrgen <strong>BRODWOLF<\/strong><\/li>\n<li>Veronika <strong>BROMOV\u00c1<\/strong><\/li>\n<li>Enzo <strong>CUCCHI<\/strong><\/li>\n<li>Mario <strong>DALPRA<\/strong><\/li>\n<li>Georg <strong>DOKOUPIL<\/strong><\/li>\n<li><strong>EVA &amp; ADELE<\/strong><\/li>\n<li>Tatiana ECHEVERRI <strong>FERNANDEZ<\/strong><\/li>\n<li>Anselmo <strong>FOX<\/strong><\/li>\n<li>Sam <strong>FRANCIS<\/strong><\/li>\n<li><strong>FRANEK<\/strong><\/li>\n<li>Jonas <strong>Galli<\/strong><\/li>\n<li>H.R. <strong>GIGER<\/strong><\/li>\n<li><strong>GROUP WHITE MOTHS<\/strong><\/li>\n<li>Bettina <strong>van <strong>HAAREN<\/strong><\/strong><\/li>\n<li>Eckart <strong>HAHN<\/strong><\/li>\n<li><strong>Hans-OISEAU<\/strong><\/li>\n<li>Werner <strong>HENKEL<\/strong><\/li>\n<li>Margareta <strong>HESSE<\/strong><\/li>\n<li>Thomas <strong>HORNEMANN<\/strong><\/li>\n<li>J\u00f6rg <strong>IMMENDORFF<\/strong><\/li>\n<li>Katrin <strong>JAQUET<\/strong><\/li>\n<li>Burglind <strong>JONAS<\/strong><\/li>\n<li>Fritz <strong>K\u00d6THE<\/strong><\/li>\n<li>Dieter <strong>KRIEG<\/strong><\/li>\n<li>EL <strong>LOKO<\/strong><\/li>\n<li>Alex <strong>MAJEWSKI<\/strong><\/li>\n<li>Nanne <strong>MEYER<\/strong><\/li>\n<li>Sergej <strong>MOHNTAU<\/strong><\/li>\n<li>Nadine <strong>NORMAN<\/strong><\/li>\n<li><strong>ORLAN<\/strong><\/li>\n<li><strong>OWUSU-ANKOMAH<\/strong><\/li>\n<li>Ewa <strong>PARTUM<\/strong><\/li>\n<li>Danica <strong>PHELPS<\/strong><\/li>\n<li>Jaume <strong>PLENSA<\/strong><\/li>\n<li>Matthias <strong>REECK<\/strong><\/li>\n<li>Susanne <strong>RITTER<\/strong><\/li>\n<li>Ulrich <strong>R\u00d6PKE<\/strong><\/li>\n<li>Boris <strong>SCHMALENBERGER<\/strong><\/li>\n<li>Annegret <strong>SOLTAU<\/strong><\/li>\n<li>Beate <strong>SPITZM\u00dcLLER<\/strong><\/li>\n<li>Ute <strong>THIEL<\/strong><\/li>\n<li>Timm <strong>ULRICHS<\/strong><\/li>\n<li>Patricia <strong>WALLER<\/strong><\/li>\n<li>Petrus <strong>WANDREY<\/strong><\/li>\n<li>Otto R. <strong>WEISSER<\/strong><\/li>\n<li>Dorothee <strong>von WINDHEIM<\/strong><\/li>\n<li>Marianne <strong>WIRRIES<\/strong><\/li>\n<\/ul>\n<p>[\/uncode_list][vc_custom_heading heading_semantic=&#8220;h3&#8243; text_size=&#8220;h3&#8243;]Editionen zur Ausstellung[\/vc_custom_heading][vc_column_text]FRANEK<\/p>\n<p>GIGER, H.R.<\/p>\n<p>HESSE, Margareta<\/p>\n<p>LEVY, Gabrielle<\/p>\n<p>MAJEWSKI, Alex<\/p>\n<p>NORMAN, Nadine<\/p>\n<p>ORLAN<\/p>\n<p>SOLTAU, Annegret<\/p>\n<p>THIEL, Ute<\/p>\n<p>WALLER, Patricia<\/p>\n<p>WANDREY, Petrus[\/vc_column_text][vc_single_image media=&#8220;82601&#8243; media_width_percent=&#8220;25&#8243; shadow=&#8220;yes&#8220; shadow_weight=&#8220;std&#8220; media_link=&#8220;url:https%3A%2F%2Fvorschau.kunstverein-bad-salzdetfurth.de%2Finhalt%2Fproduct%2Fbocca-della-verita%2F|title:%C2%BBBocca%20della%20verit%C3%A0%C2%AB||&#8220;][vc_column_text]<a href=\"https:\/\/vorschau.kunstverein-bad-salzdetfurth.de\/inhalt\/product\/bocca-della-verita\/\">Zur Ausstellung ist ein Katalog erschienen!<\/a><\/p>\n<p><strong>Mit Beitr\u00e4gen von:<\/strong>[\/vc_column_text][uncode_list icon=&#8220;fa fa-chevron-right&#8220;]<\/p>\n<ul>\n<li>Dr. Farideh Akashe-B\u00f6hme, Darmstadt (D)<\/li>\n<li>Prof. Dr. Hartmut B\u00f6hme, Berlin (D)<\/li>\n<li>Prof. Dr. Hubertus Halbfas, Drolshagen (D)<\/li>\n<li>Prof. Dr. Michael Hauskeller, Exeter (GB)<\/li>\n<li>Hans-Werner Kalkmann, Bodenburg (D)<\/li>\n<li>Prof. Dr. Eberhard Kruse, G\u00f6ttingen (D)<\/li>\n<li>Dr. Dr. Heinz E. L\u00e4ssig, M\u00fcnchen (D)<\/li>\n<li>Prof. Dr. Teodora Manea, Iasi (RO)<\/li>\n<li>Jacques Monnier, Lausanne (CH)<\/li>\n<\/ul>\n<p>[\/uncode_list][\/vc_column_inner][\/vc_row_inner][vc_row_inner][vc_column_inner column_width_percent=&#8220;100&#8243; align_horizontal=&#8220;align_right&#8220; gutter_size=&#8220;3&#8243; overlay_alpha=&#8220;50&#8243; medium_width=&#8220;0&#8243; mobile_width=&#8220;0&#8243; shift_x=&#8220;0&#8243; shift_y=&#8220;0&#8243; shift_y_down=&#8220;0&#8243; z_index=&#8220;0&#8243; width=&#8220;1\/2&#8243;][\/vc_column_inner][vc_column_inner width=&#8220;1\/2&#8243;][\/vc_column_inner][\/vc_row_inner][\/vc_tab][\/vc_tabs][\/vc_column][\/vc_row]<\/p>\n<\/div>","protected":false},"excerpt":{"rendered":"<p>Der Mund &#8211; La bouche &#8211; The mouth<\/p>\n<p>26. Juni bis 12. September 2004.<\/p>\n","protected":false},"author":3,"featured_media":82593,"comment_status":"closed","ping_status":"closed","sticky":false,"template":"","format":"standard","meta":{"footnotes":""},"categories":[270],"tags":[],"class_list":["post-82588","post","type-post","status-publish","format-standard","has-post-thumbnail","hentry","category-der-mensch-in-der-zeitgenoessischen-kunst"],"_links":{"self":[{"href":"https:\/\/www.kunstverein-bad-salzdetfurth.de\/inhalt\/wp-json\/wp\/v2\/posts\/82588"}],"collection":[{"href":"https:\/\/www.kunstverein-bad-salzdetfurth.de\/inhalt\/wp-json\/wp\/v2\/posts"}],"about":[{"href":"https:\/\/www.kunstverein-bad-salzdetfurth.de\/inhalt\/wp-json\/wp\/v2\/types\/post"}],"author":[{"embeddable":true,"href":"https:\/\/www.kunstverein-bad-salzdetfurth.de\/inhalt\/wp-json\/wp\/v2\/users\/3"}],"replies":[{"embeddable":true,"href":"https:\/\/www.kunstverein-bad-salzdetfurth.de\/inhalt\/wp-json\/wp\/v2\/comments?post=82588"}],"version-history":[{"count":24,"href":"https:\/\/www.kunstverein-bad-salzdetfurth.de\/inhalt\/wp-json\/wp\/v2\/posts\/82588\/revisions"}],"predecessor-version":[{"id":82697,"href":"https:\/\/www.kunstverein-bad-salzdetfurth.de\/inhalt\/wp-json\/wp\/v2\/posts\/82588\/revisions\/82697"}],"wp:featuredmedia":[{"embeddable":true,"href":"https:\/\/www.kunstverein-bad-salzdetfurth.de\/inhalt\/wp-json\/wp\/v2\/media\/82593"}],"wp:attachment":[{"href":"https:\/\/www.kunstverein-bad-salzdetfurth.de\/inhalt\/wp-json\/wp\/v2\/media?parent=82588"}],"wp:term":[{"taxonomy":"category","embeddable":true,"href":"https:\/\/www.kunstverein-bad-salzdetfurth.de\/inhalt\/wp-json\/wp\/v2\/categories?post=82588"},{"taxonomy":"post_tag","embeddable":true,"href":"https:\/\/www.kunstverein-bad-salzdetfurth.de\/inhalt\/wp-json\/wp\/v2\/tags?post=82588"}],"curies":[{"name":"wp","href":"https:\/\/api.w.org\/{rel}","templated":true}]}}