{"id":82453,"date":"2004-12-11T18:31:26","date_gmt":"2004-12-11T17:31:26","guid":{"rendered":"https:\/\/vorschau.kunstverein-bad-salzdetfurth.de\/inhalt\/?p=82453"},"modified":"2019-08-18T18:54:49","modified_gmt":"2019-08-18T17:54:49","slug":"digi-art-show-digital-genial","status":"publish","type":"post","link":"https:\/\/www.kunstverein-bad-salzdetfurth.de\/inhalt\/2004\/12\/11\/digi-art-show-digital-genial\/","title":{"rendered":"::: Digi-Art-Show ::: digital &#8211; genial"},"content":{"rendered":"<div class=\"wpb-content-wrapper\"><p>[vc_row][vc_column width=&#8220;1\/2&#8243;][vc_gallery el_id=&#8220;gallery-710405&#8243; isotope_mode=&#8220;vertical&#8220; medias=&#8220;82465,82466,82467,82469,82468,82470,82472,82473,82471,82474,82475,82477,82476,82495,82496,82461,82462,82463,82464,82480,82481,82482,82483,82484,82485,82486,82497,82499,82498,82491,82492,82493,82494,82487,82488&#8243; gutter_size=&#8220;5&#8243; media_items=&#8220;media|lightbox|original,caption&#8220; screen_lg=&#8220;1000&#8243; screen_md=&#8220;600&#8243; screen_sm=&#8220;480&#8243; single_text=&#8220;under&#8220; single_width=&#8220;6&#8243; single_overlay_opacity=&#8220;1&#8243; single_padding=&#8220;2&#8243; lbox_caption=&#8220;yes&#8220;][\/vc_column][vc_column width=&#8220;1\/2&#8243;][vc_custom_heading heading_semantic=&#8220;h3&#8243; text_size=&#8220;h3&#8243;]Petrus Wandrey[\/vc_custom_heading][vc_column_text]<strong>11. Dezember 04 &#8211; 22. Januar 05<\/strong><\/p>\n<p>Wir freuen uns, endlich in einer Einzelausstellung beispielhafte Werke des DIGITALISMUS von Petrus Wandrey aus mehreren Jahrzehnten zeigen zu k\u00f6nnen, waren doch Beitr\u00e4ge von ihm bereits in unseren internationalen Gruppenausstellungen seit 1998 regelm\u00e4\u00dfig zu sehen.<\/p>\n<p>Hans-Werner Kalkmann \/ Vorsitzender<\/p>\n<p>Die Ausstellung wird gef\u00f6rdert von:<br \/>\nati kunsttransporte gmbh berlin[\/vc_column_text][vc_custom_heading heading_semantic=&#8220;h3&#8243; text_size=&#8220;h3&#8243;]Edition zur Ausstellung[\/vc_custom_heading][vc_column_text]IDOL 2004<br \/>\nSiebdruck auf B\u00fctten<br \/>\nAuflage 50 Ex., num., sign.<br \/>\n70 x 50 cm, 250,- EUR[\/vc_column_text][vc_custom_heading heading_semantic=&#8220;h3&#8243; text_size=&#8220;h3&#8243;]Vorbemerkung[\/vc_custom_heading][vc_column_text]Das Wort \u00bbdigital\u00ab hat in den letzten Jahren auf seinem Siegeszug durch Technik und Medien auch Einzug in den Alltag der Menschen gehalten. Jeder Erstkl\u00e4ssler, wei\u00df heute, dass er eine Digitaluhr am Handgelenk tr\u00e4gt oder dass seine Camera eine digitale ist. Digitale Messger\u00e4te, digitale Nachrichten\u00fcbertragung, digitale Tontr\u00e4ger etc. sind aus unserem t\u00e4glichen Leben nicht mehr wegzudenken und zu selbstverst\u00e4ndlichen Elementen bei vielen unserer T\u00e4tigkeiten geworden. Petrus Wandrey hat in seinem k\u00fcnstlerischen Schaffen sehr fr\u00fch diese Entwicklung vorausgeahnt und sein Werk zum \u00bbDigitalismus\u00ab hin entwickelt.<\/p>\n<p>Der \u00bbDigitalismus\u00ab des Petrus Wandrey umfasst ein breites Spektrum unseres privaten und \u00f6ffentlichen Lebens und beschr\u00e4nkt sich nicht allein auf Bilder, Objekte oder Skulpturen. Vielmehr widmet sich der K\u00fcnstler auch der Entwicklung von Gebrauchsgegenst\u00e4nden, M\u00f6beln, Leuchten, Raumtextilien etc. bis hin zu der Raumgestaltung von 1980, dem \u00bbPoolart-Room\u00ab mit dem er den ersten Schritt in Richtung CASA DIGITALIS, dem digitalen Haus machte.<\/p>\n<p>Ankn\u00fcpfend an Werke der Surrealisten Max Ernst, Ren\u00e9 Magritte oder Salvador Dali, besch\u00e4ftigte sich Wandrey intensiv mit der Welt des Surrealen, gelangt aber sehr schnell \u2013 nicht zuletzt auch durch seine Freundschaft mit Dali und auf dessen Impuls hin zur Entwicklung einer eigenen Bild- und Formensprache die sich zu einer neuen Kunstrichtung entwickelt, die er DIGITALISMUS nennt und von ihr als einer \u201einterkulturellen Kunstrichtung\u201c spricht.<\/p>\n<p>Inhaltlich greift Wandrey eine Vielzahl von Themen auf, verliert aber dabei nie den Menschen aus seinem Blickfeld &#8211; im Gegenteil: er stellt ihn meist in den Mittelpunkt seiner Betrachtungen und vernetzt ihn in einem viel gr\u00f6\u00dferen Zusammenhang: er bezieht den Weltraum als Lebensraum des Menschen mit ein. Das wird zum Beispiel in seinen \u00bbOrbiter\u00ab-Werken (1990) oder \u00bbAtomic Time Guardien\u00ab (1988) und in der Skulptur \u00bbComputermans Clock\u00ab (1987) deutlich.<\/p>\n<p>Dass Wandrey in seinen Werken h\u00e4ufig einen kritischen Ansatz hat, ist schon aus der Betitelung zu ersehen, was nicht bedeutet, dass es sich hier um eine allgemeine Technikfeindlichkeit handelt. Im Gegenteil: Lebenslust und Daseinsfreude kommen in vielen seiner Werke zum Ausdruck, und hier sei stellvertretend die Serie der \u00bbDANCER\u00ab genannt.<br \/>\nEinen solchen \u00bbDancer\u00ab, den 3,55 Meter hohen \u00bbEURO DANCER\u00ab aus Korten- und Edelstahl, konnte der Kunstverein Bad Salzdetfurth im Juni 2003 auf dem \u00fcberregionalen \u00bbRadweg zur Kunst\u00ab mit Hilfe eines ortsans\u00e4ssigen Sponsors aufstellen und der \u00d6ffentlichkeit \u00fcbergeben. Au\u00dferdem nahm Petrus Wandrey an mehreren unserer internationalen Gruppenausstellungen teil. Wir freuen uns deshalb ganz besonders, den K\u00fcnstler des DIGITALISMUS in seiner Einzelausstellung DIGITAL &#8211; GENIAL in unserem Kunstgeb\u00e4ude zeigen zu k\u00f6nnen.[\/vc_column_text][vc_custom_heading heading_semantic=&#8220;h3&#8243; text_size=&#8220;h3&#8243;]Bemerkungen[\/vc_custom_heading][vc_column_text]<\/p>\n<blockquote><p>&#8222;DIGITALISMUS &#8211; Stilrichtung in Bildender Kunst, die sich der digitalen Darstellungscharakteristik bedient und somit die Formensprache der digitalen Techno-Epoche ist.&#8220; &#8211; Selten hat ein K\u00fcnstler so zutreffend seinen Stil und seine Gestaltungstechnik gekennzeichnet wie der in Hamburg lebende Digitalist Petrus Wandrey. Ihm geht es also nicht um Bildproduktion mit dem Computer. Wandrey gibt nicht vor, mit Software Kunst machen zu wollen, wie das leider eine Heerschar naiver Tochnikgl\u00e4ubiger von sich behauptet. Wenn das Medium allein schon die Botschaft ist &#8211; heiliger McLuhan -, dann kann ja die Botschaft nicht &#8222;Kunst&#8220; sein, sondern blo\u00df wieder das Medium Graphic-Computer-In-Action.<\/p><\/blockquote>\n<p>Bazon Brock \/ SPIEGEL-special 03 \/ 1995<\/p>\n<blockquote><p>Als Wandreys Tafelbild &#8222;Science and Beyond&#8220; 1978 an der Fordham Universit\u00e4t in New York eingeweiht wurde, rief er die DIGITALISMUS &#8211; Bewegung ins Leben. Dabei wurde die Sehweise des anbrechenden Computer-Zeitalters zum gestalterischen Prinzip erhoben, ein Pixel als kleinste Bildschirm-Einheit zum strukturierenden Mittel. Seitdem hat er einen spielerischen und gleichzeitig kritischen Umgang mit den elektronischen Medien gepflegt, sein Repertoire stets konsequent erweitert.<\/p><\/blockquote>\n<p>David Galloway \/ Auszug, Katalogtext Retrospektive Petrus Wandrey, Museum<br \/>\nder Bildenden K\u00fcnste Leipzig, Leipzig 1999<\/p>\n<blockquote><p>Auf der einen Seite stehen die Chips und Leiterplatten als reale Formen, mit denen Wandrey spielt und komponiert. Andererseits bedeuten sie f\u00fcr ihn Hieroglyphen einer geheimnisvollen, surreal-mystischen Welt. Seine Kunst wandert zwischen den Welten, der realen Welt der Form und der surrealen Welt der Sendung und Botschaft.<\/p><\/blockquote>\n<p>Harald Falckenberg \/Auszug, Ausstellungser\u00f6ffnungsrede<\/p>\n<p>Hauptkirche St. Katharinen, Hamburg, 2000[\/vc_column_text][vc_custom_heading heading_semantic=&#8220;h3&#8243; text_size=&#8220;h3&#8243;]Petrus Wandrey[\/vc_custom_heading][vc_column_text]1939 in Dresden geboren &#8211; lebt und arbeitet in Hamburg[\/vc_column_text][vc_custom_heading heading_semantic=&#8220;h4&#8243; text_size=&#8220;h4&#8243;]Einzelausstellungen ( Auswahl )[\/vc_custom_heading][vc_column_text]1978 Proklamation des DIGITALISMUS, Institut of Scientific Humanism at Fordham University, New York<\/p>\n<p>1983 &#8222;Venus&#8216; TV&#8220;- Panasonic, Funkausstellung &#8217;83, Berlin<\/p>\n<p>1986 &#8222;DIGITALISMUS&#8220;, MBB-Raumfahrtzentrum, M\u00fcnchen<\/p>\n<p>1989 &#8222;DIGITALISMUS&#8220;, Elektronic Banking Centre, Dresdner Bank, Frankfurt<\/p>\n<p>1990 &#8222;DIGITALISMUS&#8220;, Braunschweigisches Landesmuseum, Braunschweig<\/p>\n<p>1991 &#8222;DIGITALISMUS&#8220;, Niedersachsen-Pavillon, Industriemesse, Hannover<\/p>\n<p>1992 &#8222;DIGITALISMUS&#8220;, Deutsche Aerospace &#8211; Airbus GmbH, Hamburg<\/p>\n<p>1994 &#8222;ENGEL F\u00dcR EUROPA&#8220;, Dom zu Braunschweig, Braunschweig<\/p>\n<p>1995 &#8222;DIGITALISMUS&#8220;, Galerie Hans Meyer GmbH, D\u00fcsseldorf<\/p>\n<p>1997 &#8222;ENGEL F\u00dcR EUROPA&#8220;, Lutz Teutloff Galerie, K\u00f6ln<\/p>\n<p>1998 &#8222;DIGITALE KUNSTOBJEKTE&#8220;, Herforder Kunstverein, Herford<\/p>\n<p>1999 &#8222;PETRUS WANDREY &#8211; RETROSPEKTIVE&#8220;, Museum der Bildenden K\u00fcnste Leipzig, Leipzig<\/p>\n<p>&#8222;COOL-COOL&#8220;, Galerie Lindinger+Schmid, Regensburg<\/p>\n<p>2000 &#8222;ANGEL AGE&#8220;, Hauptkirche St. Katharinen, Hamburg<\/p>\n<p>2002 &#8222;PETRUS WANDREY&#8220;, Galerie Sabatier ( Verden ) &#8211; im Rot-Kreuz-Krankenhaus-Bremen, Bremen &#8222;PETRUS WANDREY &#8211; MEISSENER PORZELLAN F\u00dcR DIE DIGITALE EPOCHE&#8220;, Galerie im Meissen-Haus, K\u00f6ln[\/vc_column_text][vc_custom_heading heading_semantic=&#8220;h3&#8243; text_size=&#8220;h3&#8243;]Gruppenausstellungen (Auswahl)[\/vc_custom_heading][vc_column_text]1983 LINEA&#8217;83, Gent<\/p>\n<p>1994 FIAC &#8217;94, Galerie Hans Meyer GmbH, Paris<\/p>\n<p>1996 &#8222;TORSO&#8220;, Galerie M. Schlieper, Hagen<\/p>\n<p>&#8222;EIN HAUS VOLLER H\u00c4USER&#8220;, Galerie Lindinger+Schmid, Regensburg<\/p>\n<p>&#8222;ARTIST FOR NATURE&#8220;, Bundeskunsthalle, Bonn<\/p>\n<p>1998 &#8222;EUROPA, BESTEIGE DEN STIER!&#8220;, Kunstverein Bad Salzdetfurth<br \/>\ne.V.,Bodenburg<\/p>\n<p>&#8222;AUGENLUST&#8220;, Kunsthaus Hannover, Hannover<\/p>\n<p>&#8222;GLOBAL FUN&#8220;, St\u00e4dtisches Museum Leverkusen, Schlo\u00df Morsbroich, Leverkusen<\/p>\n<p>1999 &#8222;VOM SKARAB\u00c4US ZUM NEW BEETLE&#8220;, Kunstverein Bad Salzdetfurth e.V., Bodenburg<\/p>\n<p>2000 &#8222;AUF DEN PUNKT GEBRACHT&#8220;, Grassi-Museum, Leipzig<\/p>\n<p>2001 &#8222;TEMPO&#8220;, Tempor\u00e4res Museum Schlo\u00df Untergr\u00f6ningen, Untergr\u00f6ningen<\/p>\n<p>2003 &#8222;DER AUGENBLICK IST EWIGKEIT&#8220;, Kunsthalle e.V., Halle[\/vc_column_text][vc_custom_heading heading_semantic=&#8220;h3&#8243; text_size=&#8220;h3&#8243;]Fotos von der Vernissage[\/vc_custom_heading][vc_gallery el_id=&#8220;gallery-710405&#8243; isotope_mode=&#8220;vertical&#8220; gutter_size=&#8220;5&#8243; media_items=&#8220;media|lightbox|original,caption&#8220; screen_lg=&#8220;1000&#8243; screen_md=&#8220;600&#8243; screen_sm=&#8220;480&#8243; single_text=&#8220;under&#8220; single_width=&#8220;6&#8243; single_overlay_opacity=&#8220;1&#8243; single_padding=&#8220;2&#8243; lbox_caption=&#8220;yes&#8220;][vc_gallery el_id=&#8220;gallery-710405&#8243; isotope_mode=&#8220;vertical&#8220; medias=&#8220;82530,82531,82532,82533,82534,82535,82536,82537,82538,82539,82540&#8243; gutter_size=&#8220;5&#8243; media_items=&#8220;media|lightbox|original,caption&#8220; screen_lg=&#8220;1000&#8243; screen_md=&#8220;600&#8243; screen_sm=&#8220;480&#8243; single_text=&#8220;under&#8220; single_width=&#8220;6&#8243; single_overlay_opacity=&#8220;1&#8243; single_padding=&#8220;2&#8243; lbox_caption=&#8220;yes&#8220;][\/vc_column][\/vc_row]<\/p>\n<\/div>","protected":false},"excerpt":{"rendered":"<p>11. Dezember 04 &#8211; 22. Januar 05<\/p>\n","protected":false},"author":3,"featured_media":82454,"comment_status":"closed","ping_status":"closed","sticky":false,"template":"","format":"standard","meta":{"footnotes":""},"categories":[186,287],"tags":[],"class_list":["post-82453","post","type-post","status-publish","format-standard","has-post-thumbnail","hentry","category-ausstellung","category-petrus-wandrey"],"_links":{"self":[{"href":"https:\/\/www.kunstverein-bad-salzdetfurth.de\/inhalt\/wp-json\/wp\/v2\/posts\/82453"}],"collection":[{"href":"https:\/\/www.kunstverein-bad-salzdetfurth.de\/inhalt\/wp-json\/wp\/v2\/posts"}],"about":[{"href":"https:\/\/www.kunstverein-bad-salzdetfurth.de\/inhalt\/wp-json\/wp\/v2\/types\/post"}],"author":[{"embeddable":true,"href":"https:\/\/www.kunstverein-bad-salzdetfurth.de\/inhalt\/wp-json\/wp\/v2\/users\/3"}],"replies":[{"embeddable":true,"href":"https:\/\/www.kunstverein-bad-salzdetfurth.de\/inhalt\/wp-json\/wp\/v2\/comments?post=82453"}],"version-history":[{"count":5,"href":"https:\/\/www.kunstverein-bad-salzdetfurth.de\/inhalt\/wp-json\/wp\/v2\/posts\/82453\/revisions"}],"predecessor-version":[{"id":82541,"href":"https:\/\/www.kunstverein-bad-salzdetfurth.de\/inhalt\/wp-json\/wp\/v2\/posts\/82453\/revisions\/82541"}],"wp:featuredmedia":[{"embeddable":true,"href":"https:\/\/www.kunstverein-bad-salzdetfurth.de\/inhalt\/wp-json\/wp\/v2\/media\/82454"}],"wp:attachment":[{"href":"https:\/\/www.kunstverein-bad-salzdetfurth.de\/inhalt\/wp-json\/wp\/v2\/media?parent=82453"}],"wp:term":[{"taxonomy":"category","embeddable":true,"href":"https:\/\/www.kunstverein-bad-salzdetfurth.de\/inhalt\/wp-json\/wp\/v2\/categories?post=82453"},{"taxonomy":"post_tag","embeddable":true,"href":"https:\/\/www.kunstverein-bad-salzdetfurth.de\/inhalt\/wp-json\/wp\/v2\/tags?post=82453"}],"curies":[{"name":"wp","href":"https:\/\/api.w.org\/{rel}","templated":true}]}}