{"id":82083,"date":"2000-01-01T14:10:30","date_gmt":"2000-01-01T13:10:30","guid":{"rendered":"https:\/\/vorschau.kunstverein-bad-salzdetfurth.de\/inhalt\/?p=82083"},"modified":"2019-08-25T08:47:47","modified_gmt":"2019-08-25T07:47:47","slug":"arche","status":"publish","type":"post","link":"https:\/\/www.kunstverein-bad-salzdetfurth.de\/inhalt\/2000\/01\/01\/arche\/","title":{"rendered":"\u00bbArche\u00ab"},"content":{"rendered":"<div class=\"wpb-content-wrapper\"><p>[vc_row][vc_column width=&#8220;1\/4&#8243;][vc_single_image media=&#8220;82084&#8243; media_width_percent=&#8220;100&#8243;][vc_gallery el_id=&#8220;gallery-710405&#8243; isotope_mode=&#8220;vertical&#8220; medias=&#8220;82097,82099,82102,82100,82103&#8243; gutter_size=&#8220;5&#8243; media_items=&#8220;media|lightbox|original,caption&#8220; screen_lg=&#8220;1000&#8243; screen_md=&#8220;600&#8243; screen_sm=&#8220;480&#8243; single_text=&#8220;under&#8220; single_width=&#8220;6&#8243; single_overlay_opacity=&#8220;1&#8243; single_padding=&#8220;2&#8243; lbox_caption=&#8220;yes&#8220;][\/vc_column][vc_column width=&#8220;3\/4&#8243;][vc_custom_heading heading_semantic=&#8220;h3&#8243; text_size=&#8220;h3&#8243;]Jahresausstellung 2000[\/vc_custom_heading][vc_row_inner][vc_column_inner width=&#8220;5\/6&#8243;][vc_column_text]Zur Ausstellung ist ein <a href=\"https:\/\/vorschau.kunstverein-bad-salzdetfurth.de\/inhalt\/product\/arche\/\">Katalog<\/a> erschienen.[\/vc_column_text][\/vc_column_inner][vc_column_inner width=&#8220;1\/6&#8243;][vc_single_image media=&#8220;82106&#8243; media_width_percent=&#8220;100&#8243; media_link=&#8220;url:https%3A%2F%2Fvorschau.kunstverein-bad-salzdetfurth.de%2Finhalt%2Fproduct%2Farche%2F|title:%C2%BBARCHE%C2%AB||&#8220;][\/vc_column_inner][\/vc_row_inner][vc_custom_heading heading_semantic=&#8220;h3&#8243; text_size=&#8220;h3&#8243;]Konzept[\/vc_custom_heading][vc_column_text]Zu den herausragenden Bildern im kollektiven Ged\u00e4chtnis der Menschheit geh\u00f6rt das Bild der Arche. Im Zusammenhang mit der &#8222;gro\u00dfen Flut&#8220; handelt es sich hier um das erste technische Ger\u00e4t aus Menschenhand, mit dessen Hilfe der Mensch als Teil der Natur, diese selbst (vertreten durch die Tiere) vor den Naturgewalten rettet.<\/p>\n<p>Dieses au\u00dfergew\u00f6hnliche &#8222;Bild&#8220; wird der Kunstverein Bad Salzdetfurth im Jahre 2000 dreidimensional wiedererstehen lassen, indem er eine reale Arche baut. Dabei orientieren wir uns an der historischen Darstellung, die zweiteilig aus einem kistenartigen Schiff besteht, in dem sich ein Haus befindet.<\/p>\n<p>Das Haus ist das Ausstellungsgeb\u00e4ude des Kunstvereins, n\u00e4mlich das &#8222;Kunstgeb\u00e4ude im Schlosshof Bodenburg&#8220;. Dieses Geb\u00e4ude steht an der 6. Station des &#8222;\u00d6kologischen Wasserlehrpfades&#8220;, der ja bereits Teil des &#8222;EXPO-Themenpfades Wasser&#8220; ist. Es befindet sich unter Denkmalschutz und \u00e4hnelt in seinem Zuschnitt den bekannten Archedarstellungen. Eine bauhistorische Kostbarkeit ist das schiefergedeckte Sattelschwingdach, denn es erinnert an einen umgest\u00fclpten Schiffsrumpf. Da der Kunstverein Bad Salzdetfurth dieses Geb\u00e4ude vor dem Verfall rettete, kann man im \u00fcbertragenden Sinne sagen, dass der Verein die &#8222;Arche&#8220; war, die das \u00dcberleben des Geb\u00e4udes erm\u00f6glichte.<\/p>\n<p>Um dieses &#8222;gerettete&#8220; Geb\u00e4ude wird nun der Schiffsk\u00f6rper gebaut. Mit dem Bug zum Schloss und zum alten Burgfried weisend, erinnert dieses Ensemble an die Arche des Noah. Die Reling der Arche befindet sich an der Oberkante der T\u00fcroberlichter. Das in dieser H\u00f6he liegende, umlaufende Deck ist f\u00fcr die Besucher begehbar.<\/p>\n<p>In dieser &#8222;Arche&#8220; werden zur Weltausstellung &#8222;EXPO 2000&#8220; zwei Ausstellungen gezeigt:<\/p>\n<p>1. Die Ausstellung &#8222;Arche&#8220; mit je 20 K\u00fcnstlerinnen und 20 K\u00fcnstlern aus Europa, die paarweise ihre Werke zeigen.<\/p>\n<p>2. Die &#8222;2. Internationale Mail-Art-Biennale&#8220; mit dem Thema &#8222;Wasser&#8220;<\/p>\n<p>Beide Ausstellungen bieten eine attraktive Erg\u00e4nzung des zweiteiligen Wasserpfades in Bad Salzdetfurth und Bodenburg und eignen sich so hervorragend als Erg\u00e4nzung der auf ihnen dargestellten lokalen und globalen Wasserthematik.[\/vc_column_text][vc_custom_heading heading_semantic=&#8220;h3&#8243; text_size=&#8220;h3&#8243;]Teilnehmende K\u00fcnstlerpaare[\/vc_custom_heading][uncode_list icon=&#8220;fa fa-chevron-right&#8220;]<\/p>\n<ul>\n<li>Horst <strong>ANTES<\/strong> (D) + Katharina <strong>FRITSCH<\/strong> (D)<\/li>\n<li>Elvira <strong>BACH<\/strong> (D) + Rainer <strong>FETTING<\/strong> (D)<\/li>\n<li>Eduardo <strong>CHILLIDA<\/strong> (E) + Koldobika <strong>JAUREGI<\/strong> (E)<\/li>\n<li>Felix <strong>DROESE<\/strong> (D) + Irmel <strong>DROESE<\/strong> (D)<\/li>\n<li>Ryszard <strong>GRZYB<\/strong> (PL) + Pawel <strong>SUSID<\/strong> (PL)<\/li>\n<li>Alfred <strong>HRDLICKA<\/strong> (A) + Angelina <strong>SIEGMETH<\/strong> (A)<\/li>\n<li>Magdalena <strong>JETELOV<\/strong>\u00c1 (CZ) + Kurt <strong>GEBAUER<\/strong> (CZ)<\/li>\n<li>Konrad <strong>KLAPHECK<\/strong> (D) + Wanda <strong>RICHTER<\/strong>-FORG\u00c1CH (D)<\/li>\n<li>Nikolaus <strong>LANG<\/strong> (D) + Dorothee von <strong>WINDHEIM<\/strong> (D)<\/li>\n<li>Richard <strong>LONG<\/strong> (GB) (ohne Partner)<\/li>\n<li>Ingeborg L\u00dcSCHER (CH) + Una <strong>SZEEMANN<\/strong> (D)<\/li>\n<li>Rune <strong>MIELDS<\/strong> (D) + Barbara <strong>D\u00d6RFFLER<\/strong> (D)<\/li>\n<li>Marianne <strong>OGILVIE<\/strong> (D) + Siegfried <strong>NEUENHAUSEN<\/strong> (D)<\/li>\n<li>OWUSU-ANKOMAH (D) + Sokari <strong>DOUGLAS<\/strong> <strong>CAMP<\/strong> (GB)<\/li>\n<li>Friederike <strong>PEZOLD<\/strong> (A) + <strong>PEZOLDO<\/strong> (A)<\/li>\n<li>Susanne <strong>RITTER<\/strong> (D) + Klaus <strong>J\u00dcRGEN-FISCHER<\/strong> (D)<\/li>\n<li>Ulrike <strong>ROSENBACH<\/strong> (D) + Dietlinde <strong>STROH<\/strong> (D)<\/li>\n<li>Bernhard <strong>SCHULTZE<\/strong> (D) + Sabine <strong>FERNKORN<\/strong> (D)<\/li>\n<li>Timm <strong>ULRICHS<\/strong> (D) + Christiane <strong>M\u00d6BUS<\/strong> (D)<\/li>\n<\/ul>\n<p>[\/uncode_list][\/vc_column][\/vc_row]<\/p>\n<\/div>","protected":false},"excerpt":{"rendered":"<p>[vc_row][vc_column width=&#8220;1\/4&#8243;][vc_single_image media=&#8220;82084&#8243; media_width_percent=&#8220;100&#8243;][vc_gallery el_id=&#8220;gallery-710405&#8243; isotope_mode=&#8220;vertical&#8220; medias=&#8220;82097,82099,82102,82100,82103&#8243; gutter_size=&#8220;5&#8243; media_items=&#8220;media|lightbox|original,caption&#8220; screen_lg=&#8220;1000&#8243; screen_md=&#8220;600&#8243; screen_sm=&#8220;480&#8243; single_text=&#8220;under&#8220; single_width=&#8220;6&#8243; single_overlay_opacity=&#8220;1&#8243; single_padding=&#8220;2&#8243; lbox_caption=&#8220;yes&#8220;][\/vc_column][vc_column width=&#8220;3\/4&#8243;][vc_custom_heading heading_semantic=&#8220;h3&#8243; text_size=&#8220;h3&#8243;]Jahresausstellung [&hellip;]<\/p>\n","protected":false},"author":3,"featured_media":82089,"comment_status":"closed","ping_status":"closed","sticky":false,"template":"","format":"standard","meta":{"footnotes":""},"categories":[292],"tags":[],"class_list":["post-82083","post","type-post","status-publish","format-standard","has-post-thumbnail","hentry","category-jahresausstellung"],"_links":{"self":[{"href":"https:\/\/www.kunstverein-bad-salzdetfurth.de\/inhalt\/wp-json\/wp\/v2\/posts\/82083"}],"collection":[{"href":"https:\/\/www.kunstverein-bad-salzdetfurth.de\/inhalt\/wp-json\/wp\/v2\/posts"}],"about":[{"href":"https:\/\/www.kunstverein-bad-salzdetfurth.de\/inhalt\/wp-json\/wp\/v2\/types\/post"}],"author":[{"embeddable":true,"href":"https:\/\/www.kunstverein-bad-salzdetfurth.de\/inhalt\/wp-json\/wp\/v2\/users\/3"}],"replies":[{"embeddable":true,"href":"https:\/\/www.kunstverein-bad-salzdetfurth.de\/inhalt\/wp-json\/wp\/v2\/comments?post=82083"}],"version-history":[{"count":6,"href":"https:\/\/www.kunstverein-bad-salzdetfurth.de\/inhalt\/wp-json\/wp\/v2\/posts\/82083\/revisions"}],"predecessor-version":[{"id":82111,"href":"https:\/\/www.kunstverein-bad-salzdetfurth.de\/inhalt\/wp-json\/wp\/v2\/posts\/82083\/revisions\/82111"}],"wp:featuredmedia":[{"embeddable":true,"href":"https:\/\/www.kunstverein-bad-salzdetfurth.de\/inhalt\/wp-json\/wp\/v2\/media\/82089"}],"wp:attachment":[{"href":"https:\/\/www.kunstverein-bad-salzdetfurth.de\/inhalt\/wp-json\/wp\/v2\/media?parent=82083"}],"wp:term":[{"taxonomy":"category","embeddable":true,"href":"https:\/\/www.kunstverein-bad-salzdetfurth.de\/inhalt\/wp-json\/wp\/v2\/categories?post=82083"},{"taxonomy":"post_tag","embeddable":true,"href":"https:\/\/www.kunstverein-bad-salzdetfurth.de\/inhalt\/wp-json\/wp\/v2\/tags?post=82083"}],"curies":[{"name":"wp","href":"https:\/\/api.w.org\/{rel}","templated":true}]}}