{"id":82056,"date":"1999-05-18T12:42:55","date_gmt":"1999-05-18T11:42:55","guid":{"rendered":"https:\/\/vorschau.kunstverein-bad-salzdetfurth.de\/inhalt\/?p=82056"},"modified":"2019-08-25T08:47:14","modified_gmt":"2019-08-25T07:47:14","slug":"vom-skarabaeus-zum-new-beetle","status":"publish","type":"post","link":"https:\/\/www.kunstverein-bad-salzdetfurth.de\/inhalt\/1999\/05\/18\/vom-skarabaeus-zum-new-beetle\/","title":{"rendered":"\u00bbVom Skarab\u00e4us zum new beetle\u00ab"},"content":{"rendered":"<div class=\"wpb-content-wrapper\"><p>[vc_row][vc_column width=&#8220;1\/4&#8243;][vc_single_image media=&#8220;82070&#8243; media_width_percent=&#8220;100&#8243;][vc_gallery el_id=&#8220;gallery-710405&#8243; isotope_mode=&#8220;vertical&#8220; medias=&#8220;82059,82060,82062,82061,82063&#8243; gutter_size=&#8220;5&#8243; media_items=&#8220;media|lightbox|original,caption&#8220; screen_lg=&#8220;1000&#8243; screen_md=&#8220;600&#8243; screen_sm=&#8220;480&#8243; single_text=&#8220;under&#8220; single_width=&#8220;6&#8243; single_overlay_opacity=&#8220;1&#8243; single_padding=&#8220;2&#8243; lbox_caption=&#8220;yes&#8220;][\/vc_column][vc_column width=&#8220;3\/4&#8243;][vc_custom_heading heading_semantic=&#8220;h3&#8243; text_size=&#8220;h3&#8243;]Jahresausstellung 1999[\/vc_custom_heading][vc_row_inner][vc_column_inner width=&#8220;5\/6&#8243;][vc_column_text]Zur Ausstellung ist ein <a href=\"https:\/\/vorschau.kunstverein-bad-salzdetfurth.de\/inhalt\/product\/vom-skarabaeus-zum-new-beetle\/\">Katalog<\/a> erschienen.[\/vc_column_text][\/vc_column_inner][vc_column_inner width=&#8220;1\/6&#8243;][vc_single_image media=&#8220;82075&#8243; media_width_percent=&#8220;100&#8243; media_link=&#8220;url:https%3A%2F%2Fvorschau.kunstverein-bad-salzdetfurth.de%2Finhalt%2Fproduct%2Fvom-skarabaeus-zum-new-beetle%2F|title:%C2%BBVom%20Skarab%C3%A4us%20zum%20new%20beetle%C2%AB||&#8220;][\/vc_column_inner][\/vc_row_inner][vc_custom_heading heading_semantic=&#8220;h3&#8243; text_size=&#8220;h3&#8243;]Konzept[\/vc_custom_heading][vc_column_text]Sp\u00e4testens seit alt\u00e4gyptischer Zeit hat der Mistk\u00e4fer oder Pillendreher im gesamten \u00f6stlichen Mittelmeerraum hohe symbolische Bedeutung. F\u00fcr seinen Namen &gt;chepre&lt; ist das dazugeh\u00f6rige Verb &gt;cheper&lt; zu nennen, das so viel wie: &#8230; in einer bestimmten Form entstehen&#8230; meint. Zugrunde liegt die Beobachtung, da\u00df aus der idealen Form der Kugel der Nachwuchs schl\u00fcpft und so aus ihr heraus die Selbsterneuerung stattfindet. Da mit dem Rollen der Dungkugel die Bewegung der Sonne assoziiert wurde, von der ja das Leben auf der Erde stammt, verlieh man dem Gott Chepri das Symbol der aufgehenden Sonne.<\/p>\n<p>Nach den Ph\u00f6nikiern und Karthagern \u00fcbernahmen auch Griechen und Etrusker dieses Symbol, und sogar die fr\u00fchen Christen setzten es als Auferstehungssinnbild ein (aus der Verweslichkeit wiedererstanden). Das deutsche Wort K\u00e4fer hei\u00dft eigentlich Nager, denn es kommt von &#8222;chevar&#8220;&#8218; (ahd). Wissenschaftlich gesehen stellen K\u00e4fer mit rund 350.000 Arten nicht nur die artenreichste Insektenordnung, sondern die artenreichste Ordnung von Lebewesen \u00fcberhaupt dar. In Mitteleuropa kennen wir ca. 8000 Arten, f\u00fcr Deutschland wurden in einem 1998 erschienenen K\u00e4ferverzeichnis 6.479 K\u00e4ferarten aufgez\u00e4hlt.<\/p>\n<p>Sp\u00e4testens seit der Erz\u00e4hlung &#8222;Die Verwandlung&#8220; von Franz Kafka (geschrieben 1912, gedruckt 1915) hat das Bild vom K\u00e4fer eine neue Qualit\u00e4t erhalten. Auch der Erz\u00e4hlband &#8222;Subtile Jagden&#8220; und andere Werke Ernst J\u00fcngers haben dazu beigetragen, dass der K\u00e4fer literarisch im Bewusstsein der Menschen einen angemessenen Platz fand.<\/p>\n<p>Im Jahre 1945 wurde der KdF-Wagen zum &#8222;K\u00e4fer&#8216; (Produktion bis zum Jahre 1978). Damit war dieser Fahrzeugtyp in K\u00e4ferform nicht nur das meistgebauten Auto der Welt, sondern auch ein Ph\u00e4nomen im Individualtransport. Die Vorstellung des &#8222;new beetle&#8220; in den Vereinigten Staaten im Jahre 1998 hat geradezu eine K\u00e4ferrenaissance (beetlemania) entstehen lassen. Mit dieser Ausstellung setzt der Kunstverein Bad Salzdetfurth e.V. nach &#8222;Europa, besteige den Stier!&#8220; \/ 1998 die Reihe seiner Jahresausstellungen fort (es folgen: Die Arche \/ 2000, der Vogel \/ 2001, der Fisch \/ 2002 und die Schlange \/ 2003).<\/p>\n<p>Wir zeigen Werke von 70 K\u00fcnstlerinnen und K\u00fcnstlern mit internationalem Rang. Zur Ausstellung erscheint ein Katalog mit einem Beitrag zur Skarab\u00e4usthematik in \u00c4gypten, einer Abhandlung zur K\u00e4ferkunde und einer W\u00fcrdigung der zeitgen. K\u00e4ferdarstellungen.[\/vc_column_text][vc_custom_heading heading_semantic=&#8220;h3&#8243; text_size=&#8220;h3&#8243;]Teilnehmende K\u00fcnstlerinnen und K\u00fcnstler[\/vc_custom_heading][uncode_list icon=&#8220;fa fa-chevron-right&#8220;]<\/p>\n<ul>\n<li>Otto <strong>ALMSTADT<\/strong> (D)<\/li>\n<li>Otmar <strong>ALT<\/strong> (D)<\/li>\n<li>Ernest <strong>ALT\u00c9S<\/strong> (E)<\/li>\n<li>Anatol <strong>HERZFELD<\/strong> (D)<\/li>\n<li><strong>ANONYM<\/strong><\/li>\n<li><strong>ANTOINETTE<\/strong> (D)<\/li>\n<li>Carmen <strong>BAENA<\/strong> (E)<\/li>\n<li>Robert <strong>BARAMOV<\/strong> (BUL)<\/li>\n<li>Irene <strong>BAUER-CONRAD<\/strong> (D)<\/li>\n<li>Moritz <strong>BAUMGARTL<\/strong> (D)<\/li>\n<li>Evgen <strong>BAVCAR<\/strong> (F)<\/li>\n<li>Thomas <strong>BAYRLE<\/strong> (D)<\/li>\n<li>J\u00fcrgen <strong>BRODWOLF<\/strong> (D)<\/li>\n<li>Gudrun <strong>BR<\/strong>\u00dcNE-HEISIG (D)<\/li>\n<li>Charlotte <strong>BUFF<\/strong> (D)<\/li>\n<li>Costantino <strong>CIERVO<\/strong> (D)<\/li>\n<li>Zbigniew <strong>DOWGIALLO<\/strong> (PL)<\/li>\n<li>Beate <strong>DROTSCHMANN<\/strong> (D)<\/li>\n<li>WP <strong>EBERHARD<\/strong> <strong>EGGERS<\/strong> (D)<\/li>\n<li>Rolf <strong>ESCHER<\/strong> (D)<\/li>\n<li>H.R. <strong>GIGER<\/strong> (CH)<\/li>\n<li>Fritz <strong>GILOW<\/strong> (D)<\/li>\n<li>Ginevra <strong>GODIN<\/strong> (D)<\/li>\n<li>Gabriele <strong>GROSSE<\/strong> (D)<\/li>\n<li>Ryszard <strong>GRZYB<\/strong> (PL)<\/li>\n<li>Johannes <strong>HEISIG<\/strong> (D)<\/li>\n<li>Werner <strong>HENKEL<\/strong> (D)<\/li>\n<li>Cornelia <strong>HESSE-HONEGGER<\/strong> (D)<\/li>\n<li>Volker <strong>HILDEBRANDT<\/strong> (D)<\/li>\n<li>Klaus <strong>HILGENDAG<\/strong> (D)<\/li>\n<li>Siegfried Otto <strong>H\u00dcTTENGRUND<\/strong> (D)<\/li>\n<li>Ulrich <strong>KLIEBER<\/strong> (D)<\/li>\n<li>Robert <strong>KNOKE<\/strong> (USA)<\/li>\n<li>Dorothea <strong>KNOOP<\/strong> (D)<\/li>\n<li>Jir\u00ed <strong>KOL\u00c1R<\/strong> (F)<\/li>\n<li>Konrad <strong>KUJAU<\/strong> (D)<\/li>\n<li>Nikolaus <strong>LANG<\/strong> (D)<\/li>\n<li>Iain <strong>MacMILLAN<\/strong> (GB)<\/li>\n<li>Gabriele <strong>MUSCHEL<\/strong> (D)<\/li>\n<li>Yves <strong>NETZHAMMER<\/strong> (CH)<\/li>\n<li>Ursula <strong>NEUGEBAUER<\/strong> (D)<\/li>\n<li>Hartmut <strong>NEUMANN<\/strong> (D)<\/li>\n<li>Rolf <strong>NICKEL<\/strong> (D)<\/li>\n<li>Oswald <strong>OBERHUBER<\/strong> (D)<\/li>\n<li>Marianne <strong>OGILVIE<\/strong> (D)<\/li>\n<li>Quesi <strong>OWUSU<\/strong>-ANKOMAH (D)<\/li>\n<li>PUBLICIS\/HAL <strong>RINEY<\/strong>, San Francisco und <strong>PUBLICIS<\/strong>, Frankfurt\/M.<\/li>\n<li>Siegfried <strong>RISCHAR<\/strong> (D)<\/li>\n<li>Paul <strong>ROXI<\/strong> (D)<\/li>\n<li>Hartmut <strong>R\u00dcGER<\/strong> (F)<\/li>\n<li>Txuma <strong>S\u00c1NCHEZ<\/strong> (E)<\/li>\n<li>Michael <strong>SCHOENHOLTZ<\/strong> (D)<\/li>\n<li>Helmut <strong>SCHWEIZER<\/strong> (D)<\/li>\n<li>J\u00f6rg <strong>SIEGELE<\/strong> (D)<\/li>\n<li>Marek <strong>SOBCZYK<\/strong> (PL)<\/li>\n<li>N\u00faria <strong>SOLSONA<\/strong> (E)<\/li>\n<li>Klaus <strong>STAECK<\/strong> (D)<\/li>\n<li>Eugeniusz <strong>GET<\/strong> <strong>STANKIEWICZ<\/strong> (PL)<\/li>\n<li>G.L. <strong>TERZENBACH<\/strong>-LILLEQUIST (D)<\/li>\n<li>Sacha <strong>TR\u00d6GER<\/strong> (E)<\/li>\n<li><strong>UNIKAT<\/strong><\/li>\n<li>Dieter Cornels <strong>VEERO<\/strong> (D)<\/li>\n<li>Wolf <strong>VOSTELL<\/strong> (D)<\/li>\n<li>Petrus <strong>WANDREY<\/strong> (D)<\/li>\n<li>Andy <strong>WARHOL<\/strong> (USA)<\/li>\n<li>Josef <strong>WINKLER<\/strong> (A)<\/li>\n<li>Lutz <strong>WINKLER<\/strong> (D)<\/li>\n<li>Jo <strong>WINTER<\/strong> (D)<\/li>\n<li>Ryszard <strong>WOZNIAK<\/strong> (PL)<\/li>\n<li>Pepe <strong>YAG\u00dcES<\/strong> (E)<\/li>\n<\/ul>\n<p>[\/uncode_list][\/vc_column][\/vc_row]<\/p>\n<\/div>","protected":false},"excerpt":{"rendered":"<p>[vc_row][vc_column width=&#8220;1\/4&#8243;][vc_single_image media=&#8220;82070&#8243; media_width_percent=&#8220;100&#8243;][vc_gallery el_id=&#8220;gallery-710405&#8243; isotope_mode=&#8220;vertical&#8220; medias=&#8220;82059,82060,82062,82061,82063&#8243; gutter_size=&#8220;5&#8243; media_items=&#8220;media|lightbox|original,caption&#8220; screen_lg=&#8220;1000&#8243; screen_md=&#8220;600&#8243; screen_sm=&#8220;480&#8243; single_text=&#8220;under&#8220; single_width=&#8220;6&#8243; single_overlay_opacity=&#8220;1&#8243; single_padding=&#8220;2&#8243; lbox_caption=&#8220;yes&#8220;][\/vc_column][vc_column width=&#8220;3\/4&#8243;][vc_custom_heading heading_semantic=&#8220;h3&#8243; text_size=&#8220;h3&#8243;]Jahresausstellung [&hellip;]<\/p>\n","protected":false},"author":3,"featured_media":82059,"comment_status":"closed","ping_status":"closed","sticky":false,"template":"","format":"standard","meta":{"footnotes":""},"categories":[292],"tags":[],"class_list":["post-82056","post","type-post","status-publish","format-standard","has-post-thumbnail","hentry","category-jahresausstellung"],"_links":{"self":[{"href":"https:\/\/www.kunstverein-bad-salzdetfurth.de\/inhalt\/wp-json\/wp\/v2\/posts\/82056"}],"collection":[{"href":"https:\/\/www.kunstverein-bad-salzdetfurth.de\/inhalt\/wp-json\/wp\/v2\/posts"}],"about":[{"href":"https:\/\/www.kunstverein-bad-salzdetfurth.de\/inhalt\/wp-json\/wp\/v2\/types\/post"}],"author":[{"embeddable":true,"href":"https:\/\/www.kunstverein-bad-salzdetfurth.de\/inhalt\/wp-json\/wp\/v2\/users\/3"}],"replies":[{"embeddable":true,"href":"https:\/\/www.kunstverein-bad-salzdetfurth.de\/inhalt\/wp-json\/wp\/v2\/comments?post=82056"}],"version-history":[{"count":8,"href":"https:\/\/www.kunstverein-bad-salzdetfurth.de\/inhalt\/wp-json\/wp\/v2\/posts\/82056\/revisions"}],"predecessor-version":[{"id":82082,"href":"https:\/\/www.kunstverein-bad-salzdetfurth.de\/inhalt\/wp-json\/wp\/v2\/posts\/82056\/revisions\/82082"}],"wp:featuredmedia":[{"embeddable":true,"href":"https:\/\/www.kunstverein-bad-salzdetfurth.de\/inhalt\/wp-json\/wp\/v2\/media\/82059"}],"wp:attachment":[{"href":"https:\/\/www.kunstverein-bad-salzdetfurth.de\/inhalt\/wp-json\/wp\/v2\/media?parent=82056"}],"wp:term":[{"taxonomy":"category","embeddable":true,"href":"https:\/\/www.kunstverein-bad-salzdetfurth.de\/inhalt\/wp-json\/wp\/v2\/categories?post=82056"},{"taxonomy":"post_tag","embeddable":true,"href":"https:\/\/www.kunstverein-bad-salzdetfurth.de\/inhalt\/wp-json\/wp\/v2\/tags?post=82056"}],"curies":[{"name":"wp","href":"https:\/\/api.w.org\/{rel}","templated":true}]}}