{"id":81950,"date":"1998-12-15T23:54:50","date_gmt":"1998-12-15T22:54:50","guid":{"rendered":"https:\/\/vorschau.kunstverein-bad-salzdetfurth.de\/inhalt\/?p=81950"},"modified":"2019-08-25T08:47:26","modified_gmt":"2019-08-25T07:47:26","slug":"europa-besteige-den-stier","status":"publish","type":"post","link":"https:\/\/www.kunstverein-bad-salzdetfurth.de\/inhalt\/1998\/12\/15\/europa-besteige-den-stier\/","title":{"rendered":"\u00bbEuropa, besteige den Stier!\u00ab"},"content":{"rendered":"<div class=\"wpb-content-wrapper\"><p>[vc_row][vc_column width=&#8220;1\/2&#8243;][vc_single_image media=&#8220;81989&#8243; media_width_percent=&#8220;50&#8243;][vc_gallery el_id=&#8220;gallery-710405&#8243; isotope_mode=&#8220;vertical&#8220; medias=&#8220;81958,81956,81961,81959,81962&#8243; gutter_size=&#8220;5&#8243; media_items=&#8220;media|lightbox|original,caption&#8220; screen_lg=&#8220;1000&#8243; screen_md=&#8220;600&#8243; screen_sm=&#8220;480&#8243; single_text=&#8220;under&#8220; single_width=&#8220;6&#8243; single_overlay_opacity=&#8220;1&#8243; single_padding=&#8220;2&#8243; lbox_caption=&#8220;yes&#8220;][\/vc_column][vc_column width=&#8220;1\/2&#8243;][vc_custom_heading heading_semantic=&#8220;h4&#8243; text_size=&#8220;h4&#8243;]Jahresausstellung 1998[\/vc_custom_heading][vc_row_inner][vc_column_inner width=&#8220;2\/3&#8243;][vc_column_text]Zur Ausstellung ist ein <a href=\"https:\/\/vorschau.kunstverein-bad-salzdetfurth.de\/inhalt\/product\/europa-besteige-den-stier\/\">Katalog<\/a> erschienen[\/vc_column_text][\/vc_column_inner][vc_column_inner width=&#8220;1\/3&#8243;][vc_single_image media=&#8220;81998&#8243; media_width_percent=&#8220;100&#8243; media_link=&#8220;url:https%3A%2F%2Fvorschau.kunstverein-bad-salzdetfurth.de%2Finhalt%2Fproduct%2Feuropa-besteige-den-stier%2F|title:%C2%BBEuropa%2C%20besteige%20den%20Stier!%C2%AB||&#8220;][\/vc_column_inner][\/vc_row_inner][vc_column_text]Am 16. Mai 1998 weiht der Kunstverein auf dem Schlo\u00dfhof derer von Cramm in Bodenburg sein neues Kunstgeb\u00e4ude ein. Thematisiert wird in der 1. Ausstellung der Stier (der biologisch ausgedruckt zur vierten Untergruppe der Rinder (bovinae) geh\u00f6rt. Auf seinem R\u00fccken sitzt die Tochter des K\u00f6nigs Agenor Europa. Seit Menschengedenken taucht der Geh\u00f6rnte in den Darstellungen der &#8218;Bildenden Kunst&#8216; auf. Auch an den W\u00e4nden der j\u00fcngst entdeckten &#8218;Grotte de Chauvet&#8216; in Frankreich (mit ca. 30.000 Jahre alten H\u00f6hlenmalereien) befinden sich Wisent-, Rinder- und Auerochsendarstellungen, und mit dem Minotaurus im Palast von Knossos wird hier stellvertretend auf die vielen Stierkulte in der Geschichte der Menschheit hingewiesen. Aber auch die Frau wird seit Jahrtausend &#8218; en in vielen Darstellungen als Spenderin des Lebens immer wieder thematisiert.<\/p>\n<p>Der forschen Aufforderung an die oder das EUROPA im Ausstellungstitel folgend stellen 88 K\u00fcnstlerinnen und K\u00fcnstler aus 20 europ\u00e4ischen L\u00e4ndern aktuelle Beitr\u00e4ge zu den Motiven STIER &#8211; EUROPA aus. Der \u00fcberwiegende Teil der gezeigten Werke ist eigens f\u00fcr diese Ausstellung entstanden. Im Spannungsfeld zwischen dem antiken Mythos und der politischen Vision EUROPA entstand auf diese Weise eine in ihrer Vielfalt derzeit einmalige Schau zeitgen\u00f6ssischer Sichtweisen europ\u00e4ischer K\u00fcnstlerinnen und K\u00fcnstler (Christian Ludwig Attersee, Uwe Bremer, Felix Droese, Johannes Gr\u00fctzke, Ryszard Grzyb, Yves Netzhammer, Hermann Nitsch, Oswald Oberhuber, Timm Ulrichs, BEN Vautier, Wolf Vosteil, Petrus Wandrey und Pepe Yag\u00fces u.a.).<\/p>\n<p>Anl\u00e4\u00dflich der Ausstellung erscheinen f\u00fcnf Sondereditionen von Michael Badura, Uwe Bremer, Dieter L\u00f6chle, Yves Netzhammer und Petrus Wandrey in einer Auflage von je 20 Exemplaren.<\/p>\n<p>Ein begleitender Katalog zeigt Abbildungen aller 88 Werke der teilnehmenden K\u00fcnstlerinnen und K\u00fcnstler. Beitr\u00e4ge von Dr. Angela Dierichs, Dr. Norbert Hilbig, Hans-Werner Kalkmann und Jaques Monnier Raball thematisieren die historische, k\u00fcnstlerische und politische Dimension der Ausstellung &#8222;EUROPA, besteige den Stier!&#8220; (Herausgeber des Kataloges: Dr. Angela Dierichs und Hans-Werner Kalkmann, 240 Seiten).<\/p>\n<p>Mit &#8222;EUROPA, besteige den Stier!&#8220; beginnt eine j\u00e4hrliche Ausstellungsreihe, die mit den Themen: &#8222;Der K\u00e4fer&#8220; (1999) &#8211; &#8222;Die Arche&#8220; (anl\u00e4\u00dflich der EXPO im Jahre 2000) &#8211; &#8222;Der Vogel&#8220; (2001) &#8211; &#8222;Der Fisch&#8220; (2002) &#8211; &#8222;Die Schlange&#8220; (2003) fortgesetzt wird.[\/vc_column_text][vc_custom_heading heading_semantic=&#8220;h3&#8243; text_size=&#8220;h3&#8243;]Teilnehmende K\u00fcnstlerinnen und K\u00fcnstler[\/vc_custom_heading][uncode_list icon=&#8220;fa fa-chevron-right&#8220;]<\/p>\n<ul>\n<li>ALBRECHT\/d, (D)<\/li>\n<li>Detlef ALLENBERG (D)<\/li>\n<li>Birgir ANDRESSON (IS)<\/li>\n<li>ANONYM (D)<\/li>\n<li>ANTOINETTE (D)<\/li>\n<li>Christian Ludwig ATTERSEE (A)<\/li>\n<li>Michael BADURA (D)<\/li>\n<li>Holger B\u00c4R (D)<\/li>\n<li>Robert BARAMOV (BG)<\/li>\n<li>Juan Jose Barber\u00e1 ZAMORA (E)<\/li>\n<li>Dieter Otto BERSCHINSKI (D)<\/li>\n<li>Yuri BOROVITSKY (RUS)<\/li>\n<li>Evgenij BORTNIKOV (RUS)<\/li>\n<li>Andres BOSSHARD (CH)<\/li>\n<li>Uwe BREMER (D)<\/li>\n<li>Thyrso A. BRIS\u00d3LLA (D)<\/li>\n<li>Gianfredo CAMESI (CH)<\/li>\n<li>Robin CROZIER (GB)<\/li>\n<li>Tim DAVIES (GB)<\/li>\n<li>Oleg DENISENKO (UA)<\/li>\n<li>DER SPIEGEL (D)<\/li>\n<li>Nikolai DOMASHENKO (RUS)<\/li>\n<li>Felix DROESE (D)<\/li>\n<li>\u017deljko DUROVIC (YU)<\/li>\n<li>Hans ERNI (D)<\/li>\n<li>Giuseppe FANTINATO (I)<\/li>\n<li>Henryk FEILHAUER (D)<\/li>\n<li>Alexandra FONTOURA (P)<\/li>\n<li>foto:grafie HANUSCHKE &amp; SCHNEIDER (D)<\/li>\n<li>Albrecht GENIN (D)<\/li>\n<li>H.R. GIGER (CH)<\/li>\n<li>Stefan GNAUCK (D)<\/li>\n<li>Heinrich GOERTZ (D)<\/li>\n<li>Andreas GRUNERT (D)<\/li>\n<li>Johannes GR\u00dcTZKE (D)<\/li>\n<li>Ryszard GRZYB (PL)<\/li>\n<li>Volker HILDEBRANDT (D)<\/li>\n<li>Norma HOER (D)<\/li>\n<li>Wolfgang HORSCH (D)<\/li>\n<li>Alfred HRDLICKA (A)<\/li>\n<li>H.R. HUBER (CH)<\/li>\n<li>Siegfried Otto H\u00dcTTENGRUND (D)<\/li>\n<li>Susanne KIRCHNER (D)<\/li>\n<li>Heinz KNOKE (D)<\/li>\n<li>Leo von K\u00d6NIG (D)<\/li>\n<li>Eva KOHLER (D)<\/li>\n<li>Bohumil KRATKY (CZ)<\/li>\n<li>Laszlo LAKNER (D)<\/li>\n<li>Gabriele LEVY<\/li>\n<li>Dieter L\u00d6CHLE (D)<\/li>\n<li>Eduard MICUS (E)<\/li>\n<li>Valerii MISHIN (RUS)<\/li>\n<li>Pitt MOOG (D)<\/li>\n<li>Piotr NARZARKOVSKI (PL)<\/li>\n<li>Yves NETZHAMMER (CH)<\/li>\n<li>Susanne NEUNER (D)<\/li>\n<li>Jacqueline NICOD-URBAN (CH)<\/li>\n<li>Hermann NITSCH (A)<\/li>\n<li>Oswald OBERHUBER (A)<\/li>\n<li>Stefan OPPERMANN (D)<\/li>\n<li>A.R. PENCK (D)<\/li>\n<li>Peter PETZIN (BUL)<\/li>\n<li>Igor PIACKA (SK)<\/li>\n<li>Lino POLEGATO (B)<\/li>\n<li>Arkady PUGACHEVSKY (UA)<\/li>\n<li>Siegfried REICH AN DER STOLPE (E)<\/li>\n<li>Siegfried RISCHAR (D)<\/li>\n<li>Susanne RITTER (D)<\/li>\n<li>Jens RUSCH (D)<\/li>\n<li>Igor SACHAROW-ROSS (D)<\/li>\n<li>SCHOLZ &amp; FRIENDS (D)<\/li>\n<li>Nedko SOLAKOV (BG)<\/li>\n<li>Klaus STAECK (D)<\/li>\n<li>Franciszek STAROWIEYSKI BYK (PL)<\/li>\n<li>Vladimir SUCH\u00c1NEK (CZ)<\/li>\n<li>Regina TAMOCHIUANIT\u00c9 (LT)<\/li>\n<li>Dagmar UHDE (D)<\/li>\n<li>Timm ULRICHS (D)<\/li>\n<li>Janos URBAN (CH)<\/li>\n<li>URSULA (D)<\/li>\n<li>Ben VAUTIER (F)<\/li>\n<li>Vladimir VERESCHAGIN (RUS)<\/li>\n<li>Wolf VOSTELL (D)<\/li>\n<li>Petrus WANDREY (D)<\/li>\n<li>Raymond WAYDELICH (F)<\/li>\n<li>Kurt WEIDEMANN (D)<\/li>\n<li>Pepe YAG\u00dcES (E)<\/li>\n<li>Wim ZWIERS (NL)<\/li>\n<\/ul>\n<p>[\/uncode_list][\/vc_column][\/vc_row][vc_row][vc_column width=&#8220;1\/1&#8243;][vc_custom_heading heading_semantic=&#8220;h3&#8243; text_size=&#8220;h3&#8243;]Konzept[\/vc_custom_heading][\/vc_column][\/vc_row]<\/p>\n<\/div>","protected":false},"excerpt":{"rendered":"<p>[vc_row][vc_column width=&#8220;1\/2&#8243;][vc_single_image media=&#8220;81989&#8243; media_width_percent=&#8220;50&#8243;][vc_gallery el_id=&#8220;gallery-710405&#8243; isotope_mode=&#8220;vertical&#8220; medias=&#8220;81958,81956,81961,81959,81962&#8243; gutter_size=&#8220;5&#8243; media_items=&#8220;media|lightbox|original,caption&#8220; screen_lg=&#8220;1000&#8243; screen_md=&#8220;600&#8243; screen_sm=&#8220;480&#8243; single_text=&#8220;under&#8220; single_width=&#8220;6&#8243; single_overlay_opacity=&#8220;1&#8243; single_padding=&#8220;2&#8243; lbox_caption=&#8220;yes&#8220;][\/vc_column][vc_column width=&#8220;1\/2&#8243;][vc_custom_heading heading_semantic=&#8220;h4&#8243; text_size=&#8220;h4&#8243;]Jahresausstellung [&hellip;]<\/p>\n","protected":false},"author":3,"featured_media":81956,"comment_status":"closed","ping_status":"closed","sticky":false,"template":"","format":"standard","meta":{"footnotes":""},"categories":[292],"tags":[],"class_list":["post-81950","post","type-post","status-publish","format-standard","has-post-thumbnail","hentry","category-jahresausstellung"],"_links":{"self":[{"href":"https:\/\/www.kunstverein-bad-salzdetfurth.de\/inhalt\/wp-json\/wp\/v2\/posts\/81950"}],"collection":[{"href":"https:\/\/www.kunstverein-bad-salzdetfurth.de\/inhalt\/wp-json\/wp\/v2\/posts"}],"about":[{"href":"https:\/\/www.kunstverein-bad-salzdetfurth.de\/inhalt\/wp-json\/wp\/v2\/types\/post"}],"author":[{"embeddable":true,"href":"https:\/\/www.kunstverein-bad-salzdetfurth.de\/inhalt\/wp-json\/wp\/v2\/users\/3"}],"replies":[{"embeddable":true,"href":"https:\/\/www.kunstverein-bad-salzdetfurth.de\/inhalt\/wp-json\/wp\/v2\/comments?post=81950"}],"version-history":[{"count":10,"href":"https:\/\/www.kunstverein-bad-salzdetfurth.de\/inhalt\/wp-json\/wp\/v2\/posts\/81950\/revisions"}],"predecessor-version":[{"id":82027,"href":"https:\/\/www.kunstverein-bad-salzdetfurth.de\/inhalt\/wp-json\/wp\/v2\/posts\/81950\/revisions\/82027"}],"wp:featuredmedia":[{"embeddable":true,"href":"https:\/\/www.kunstverein-bad-salzdetfurth.de\/inhalt\/wp-json\/wp\/v2\/media\/81956"}],"wp:attachment":[{"href":"https:\/\/www.kunstverein-bad-salzdetfurth.de\/inhalt\/wp-json\/wp\/v2\/media?parent=81950"}],"wp:term":[{"taxonomy":"category","embeddable":true,"href":"https:\/\/www.kunstverein-bad-salzdetfurth.de\/inhalt\/wp-json\/wp\/v2\/categories?post=81950"},{"taxonomy":"post_tag","embeddable":true,"href":"https:\/\/www.kunstverein-bad-salzdetfurth.de\/inhalt\/wp-json\/wp\/v2\/tags?post=81950"}],"curies":[{"name":"wp","href":"https:\/\/api.w.org\/{rel}","templated":true}]}}