{"id":81465,"date":"2015-04-25T22:47:46","date_gmt":"2015-04-25T21:47:46","guid":{"rendered":"https:\/\/vorschau.kunstverein-bad-salzdetfurth.de\/inhalt\/?p=81465"},"modified":"2019-08-18T12:13:41","modified_gmt":"2019-08-18T11:13:41","slug":"beim-wort-nehmen","status":"publish","type":"post","link":"https:\/\/www.kunstverein-bad-salzdetfurth.de\/inhalt\/2015\/04\/25\/beim-wort-nehmen\/","title":{"rendered":"\u00bb\u2026beim WORT nehmen\u00ab"},"content":{"rendered":"<div class=\"wpb-content-wrapper\"><p>[vc_row][vc_column width=&#8220;1\/2&#8243;][vc_single_image media=&#8220;81466&#8243; media_width_percent=&#8220;100&#8243;][\/vc_column][vc_column width=&#8220;1\/2&#8243;][vc_custom_heading heading_semantic=&#8220;h4&#8243; text_size=&#8220;h4&#8243; text_weight=&#8220;300&#8243;]Einf\u00fchrungsausstellung zum 25-j\u00e4hrigen Bestehens des Kunstvereins<br \/>\n[\/vc_custom_heading][vc_column_text]25.04. \u2013 24.05.2015<\/p>\n<p>im Kunstgeb\u00e4ude Schlosshof Bodenburg[\/vc_column_text][vc_column_text]In einer Folge von drei Ausstellungen zeigt der Kunstverein Bad Salzdetfurth anl\u00e4sslich seines 25-j\u00e4hrigen Bestehens, wie die Kunst der Welt auf dem Schlosshof in Bodenburg Einzug hielt und eine Bleibe fand.<\/p>\n<p>Mit der aktuellen Ausstelllung wird ein wichtigen Werkaspekt im Oeuvre des Bildhauers Hans-Oiseau Kalkmann, dem Gr\u00fcnder unseres Kunstvereins gezeigt, und so steht die erste Ausstellung unter dem Motto: &gt;\u2026beim WORT nehmen&lt;, denn es sind die gesprochenen wie auch die geschriebenen W\u00f6rter und Vereinbarungen, die die Vereinsgr\u00fcndung erm\u00f6glichten und den Kontakt zu den \u00fcber 500 K\u00fcnstlerinnen und K\u00fcnstlern herstellten, die inzwischen ihre Werke in Bodenburg zeigen konnten. Nicht zuletzt diese gro\u00dfe Zahl machte es notwendig, in drei Ausstellungen einen Blick zur\u00fcck und gleichzeitig nach vorn zu werfen. Das Wort ist sp\u00e4testens seit dem ber\u00fchmten Bild von Ren\u00e9 Magritte &gt;Ceci n \u00b4est pas une pipe&lt; zum festen Bestandteil vieler gezeichneter oder gemalter Kunstwerke geworden und es hat sich mit der &gt;LOVE&lt;-Skulptur von Robert Indiana dreidimensional einen festen Platz im urbanen Raum erk\u00e4mpft.<\/p>\n<p>Dieses weite Spektrum von Wortwerken soll in der Einf\u00fchrungsausstellung aufgezeigt werden, wobei Arbeiten von K\u00fcnstlerinnen und K\u00fcnstlern zur Ausstellung kommen, mit denen Hans-Oiseau Kalkmann seit Mitte der 60er-Jahre in Kontakt ist. Es handelt sich dabei aber auch um Werke, die eigens f\u00fcr diese Ausstellung erstellt wurden.<\/p>\n<p>Unter anderen beteiligen sich:<\/p>\n<p>Thomas Baumg\u00e4rtel, Laszlo Beke, BEN, Joseph Beuys, Gianfredo Camesi, Marie Denis, Ken Friedman, Jochen Gerz, Paul Armand Gette, Hans Haacke, Bettina van Haaren, Volker Hildebrandt, Otmar H\u00f6rl, H.R. Huber, On Kawara, Harald Klemm, Kirsten Kl\u00f6ckner, Richard Long, Ghislaine Portalis, Klaus Staeck, Saito Takako, TeER, Endre Tot, Rosemarie Trockel, Timm Ulrichs, Janos Urban, Wolf Vostell, Petrus Wandrey, Brigitte Zieger und andere.[\/vc_column_text][\/vc_column][\/vc_row][vc_row][vc_column width=&#8220;1\/1&#8243;][vc_custom_heading heading_semantic=&#8220;h4&#8243; text_size=&#8220;h4&#8243; text_weight=&#8220;300&#8243;]Artikel der Hildesheimer Allgemeinen Zeitung v. 25.04.2015 zur Ausstellung[\/vc_custom_heading][vc_single_image media=&#8220;81479&#8243; media_width_percent=&#8220;50&#8243; media_link=&#8220;url:http%3A%2F%2Fwww.kunstverein-bad-salzdetfurth.de%2Fhaupt%2F2015%2FHAZ-Artikel2015_04_25.PDF|title:Artikel%20der%20Hildesheimer%20Allgemeinen%20Zeitung%20v.%2025.04.2015%20zur%20Ausstellung|target:%20_blank|&#8220;][\/vc_column][\/vc_row]<\/p>\n<\/div>","protected":false},"excerpt":{"rendered":"<p>Einf\u00fchrungsausstellung zum 25-j\u00e4hrigen Bestehens des Kunstvereins<\/p>\n<p>(Texte, Schilder, Hinweisaktionen, Objekte, Skulpturen)<\/p>\n<p>25.04. \u2013 24.05.2015<\/p>\n","protected":false},"author":3,"featured_media":81466,"comment_status":"closed","ping_status":"closed","sticky":false,"template":"","format":"standard","meta":{"footnotes":""},"categories":[186],"tags":[],"class_list":["post-81465","post","type-post","status-publish","format-standard","has-post-thumbnail","hentry","category-ausstellung"],"_links":{"self":[{"href":"https:\/\/www.kunstverein-bad-salzdetfurth.de\/inhalt\/wp-json\/wp\/v2\/posts\/81465"}],"collection":[{"href":"https:\/\/www.kunstverein-bad-salzdetfurth.de\/inhalt\/wp-json\/wp\/v2\/posts"}],"about":[{"href":"https:\/\/www.kunstverein-bad-salzdetfurth.de\/inhalt\/wp-json\/wp\/v2\/types\/post"}],"author":[{"embeddable":true,"href":"https:\/\/www.kunstverein-bad-salzdetfurth.de\/inhalt\/wp-json\/wp\/v2\/users\/3"}],"replies":[{"embeddable":true,"href":"https:\/\/www.kunstverein-bad-salzdetfurth.de\/inhalt\/wp-json\/wp\/v2\/comments?post=81465"}],"version-history":[{"count":4,"href":"https:\/\/www.kunstverein-bad-salzdetfurth.de\/inhalt\/wp-json\/wp\/v2\/posts\/81465\/revisions"}],"predecessor-version":[{"id":82040,"href":"https:\/\/www.kunstverein-bad-salzdetfurth.de\/inhalt\/wp-json\/wp\/v2\/posts\/81465\/revisions\/82040"}],"wp:featuredmedia":[{"embeddable":true,"href":"https:\/\/www.kunstverein-bad-salzdetfurth.de\/inhalt\/wp-json\/wp\/v2\/media\/81466"}],"wp:attachment":[{"href":"https:\/\/www.kunstverein-bad-salzdetfurth.de\/inhalt\/wp-json\/wp\/v2\/media?parent=81465"}],"wp:term":[{"taxonomy":"category","embeddable":true,"href":"https:\/\/www.kunstverein-bad-salzdetfurth.de\/inhalt\/wp-json\/wp\/v2\/categories?post=81465"},{"taxonomy":"post_tag","embeddable":true,"href":"https:\/\/www.kunstverein-bad-salzdetfurth.de\/inhalt\/wp-json\/wp\/v2\/tags?post=81465"}],"curies":[{"name":"wp","href":"https:\/\/api.w.org\/{rel}","templated":true}]}}